{"id":51264,"date":"2022-01-18T11:47:54","date_gmt":"2022-01-18T17:47:54","guid":{"rendered":"https:\/\/copades.com\/monec\/?p=51264"},"modified":"2022-01-19T11:49:02","modified_gmt":"2022-01-19T17:49:02","slug":"icefi-meta-de-recaudacion-tributaria-de-sat-es-anacronica-y-alejada-de-la-realidad-de-2021","status":"publish","type":"post","link":"https:\/\/copades.com\/monec\/?p=51264","title":{"rendered":"Icefi: meta de recaudaci\u00f3n tributaria de SAT es \u201canacr\u00f3nica y alejada de la realidad de 2021\u201d"},"content":{"rendered":"<p style=\"text-align: justify;\">Con un llamado a evaluar con rigor los datos que el Gobierno califica como \u201c\u00e9xitos rotundos o hitos hist\u00f3ricos\u201d, el Instituto Centroamericano de Estudios Fiscales (Icefi), present\u00f3 un estudio sobre sobre la pol\u00edtica fiscal del segundo a\u00f1o del presidente <strong>Alejandro Giammattei<\/strong>, al considerar que el modelo es anacr\u00f3nico y falto de rigor para considerar de positivos los resultados de recaudaci\u00f3n del 2021, los que adem\u00e1s, el gobierno trata de exaltar con propaganda. Seg\u00fan el an\u00e1lisis presentado por el Icefi, pese a la abundancia de recursos y una aparente recuperaci\u00f3n macroecon\u00f3mica y fiscal, las condiciones de vida de la gran mayor\u00eda de la poblaci\u00f3n guatemalteca contin\u00faan siendo precarias, y en muchos casos, sufri\u00f3 un deterioro severo tras el impacto de la pandemia. La Superintendencia de Administraci\u00f3n Tributaria (SAT) report\u00f3 que la recaudaci\u00f3n tributaria en el 2021 alcanz\u00f3 Q77 mil 627.1 millones, con un aumento del 22.3% en comparaci\u00f3n con la meta estimada por Q63 mil 469 millones. Es decir, Q14,158.2 millones m\u00e1s, seg\u00fan lo inform\u00f3 el superintendente de Administraci\u00f3n Tributaria, <strong>Marco Livio D\u00edaz<\/strong>, al presentar el informe anual de resultados el pasado 11 de enero. La cifra de recaudaci\u00f3n preliminar del 2021 tambi\u00e9n present\u00f3 un aumento del 29.2% en relaci\u00f3n con el 2020 (Q60,044.3). (La Hora 18.01.22)<\/p>\n","protected":false},"excerpt":{"rendered":"<p>Con un llamado a evaluar con rigor los datos que el Gobierno califica como \u201c\u00e9xitos rotundos o hitos hist\u00f3ricos\u201d, el Instituto Centroamericano de Estudios Fiscales (Icefi), present\u00f3 un estudio sobre sobre la pol\u00edtica fiscal&#46;&#46;&#46;<\/p>\n","protected":false},"author":1,"featured_media":48504,"comment_status":"open","ping_status":"closed","sticky":false,"template":"","format":"standard","meta":{"footnotes":""},"categories":[41,39],"tags":[126,79],"class_list":["post-51264","post","type-post","status-publish","format-standard","has-post-thumbnail","hentry","category-finanzas-publicas","category-sector-publico","tag-icefi","tag-sat"],"_links":{"self":[{"href":"https:\/\/copades.com\/monec\/index.php?rest_route=\/wp\/v2\/posts\/51264","targetHints":{"allow":["GET"]}}],"collection":[{"href":"https:\/\/copades.com\/monec\/index.php?rest_route=\/wp\/v2\/posts"}],"about":[{"href":"https:\/\/copades.com\/monec\/index.php?rest_route=\/wp\/v2\/types\/post"}],"author":[{"embeddable":true,"href":"https:\/\/copades.com\/monec\/index.php?rest_route=\/wp\/v2\/users\/1"}],"replies":[{"embeddable":true,"href":"https:\/\/copades.com\/monec\/index.php?rest_route=%2Fwp%2Fv2%2Fcomments&post=51264"}],"version-history":[{"count":1,"href":"https:\/\/copades.com\/monec\/index.php?rest_route=\/wp\/v2\/posts\/51264\/revisions"}],"predecessor-version":[{"id":51265,"href":"https:\/\/copades.com\/monec\/index.php?rest_route=\/wp\/v2\/posts\/51264\/revisions\/51265"}],"wp:featuredmedia":[{"embeddable":true,"href":"https:\/\/copades.com\/monec\/index.php?rest_route=\/wp\/v2\/media\/48504"}],"wp:attachment":[{"href":"https:\/\/copades.com\/monec\/index.php?rest_route=%2Fwp%2Fv2%2Fmedia&parent=51264"}],"wp:term":[{"taxonomy":"category","embeddable":true,"href":"https:\/\/copades.com\/monec\/index.php?rest_route=%2Fwp%2Fv2%2Fcategories&post=51264"},{"taxonomy":"post_tag","embeddable":true,"href":"https:\/\/copades.com\/monec\/index.php?rest_route=%2Fwp%2Fv2%2Ftags&post=51264"}],"curies":[{"name":"wp","href":"https:\/\/api.w.org\/{rel}","templated":true}]}}