{"id":51293,"date":"2022-01-19T12:54:06","date_gmt":"2022-01-19T18:54:06","guid":{"rendered":"https:\/\/copades.com\/monec\/?p=51293"},"modified":"2022-01-19T12:54:06","modified_gmt":"2022-01-19T18:54:06","slug":"anuncian-modificacion-de-horario-de-atencion","status":"publish","type":"post","link":"https:\/\/copades.com\/monec\/?p=51293","title":{"rendered":"Anuncian modificaci\u00f3n de horario de atenci\u00f3n"},"content":{"rendered":"<p style=\"text-align: justify;\">Durante la reuni\u00f3n de la instancia ministerial del proceso de Integraci\u00f3n Profunda entre Guatemala, Honduras y El Salvador, desarrollada el lunes pasado, se modific\u00f3 el horario de atenci\u00f3n a los usuarios del Puesto Fronterizo Integrado de Corinto, inform\u00f3 el Ministerio de Econom\u00eda. De acuerdo con las nuevas instrucciones, en Corinto se atender\u00e1 de lunes a domingo, desde las 5:00 hasta las 22:00, en todo lo relacionado con el paso de mercanc\u00edas, medios de transporte y turismo. La uni\u00f3n aduanera se comenz\u00f3 a trabajar en diciembre de 2014. En febrero de 2015, los gobiernos firmaron el Marco General, mientras que el Protocolo Habilitante fue ratificado por los organismos legislativos de Guatemala y Honduras, el 21 de enero de 2016 y el 8 de diciembre de 2015, respectivamente. Por otra parte, se se\u00f1al\u00f3 que el horario de atenci\u00f3n en los puestos fronterizos integrados de El Florido y Agua Caliente contin\u00faan siendo los establecidos en el Acuerdo de la Instancia Ministerial No. 4-2017. (Diario de Centro Am\u00e9rica 19.01.22)<\/p>\n","protected":false},"excerpt":{"rendered":"<p>Durante la reuni\u00f3n de la instancia ministerial del proceso de Integraci\u00f3n Profunda entre Guatemala, Honduras y El Salvador, desarrollada el lunes pasado, se modific\u00f3 el horario de atenci\u00f3n a los usuarios del Puesto Fronterizo&#46;&#46;&#46;<\/p>\n","protected":false},"author":1,"featured_media":49950,"comment_status":"open","ping_status":"closed","sticky":false,"template":"","format":"standard","meta":{"footnotes":""},"categories":[5,22],"tags":[117,85,131],"class_list":["post-51293","post","type-post","status-publish","format-standard","has-post-thumbnail","hentry","category-actividad-productiva","category-transporte-y-almacenamiento","tag-el-salvador","tag-guatemala","tag-honduras"],"_links":{"self":[{"href":"https:\/\/copades.com\/monec\/index.php?rest_route=\/wp\/v2\/posts\/51293","targetHints":{"allow":["GET"]}}],"collection":[{"href":"https:\/\/copades.com\/monec\/index.php?rest_route=\/wp\/v2\/posts"}],"about":[{"href":"https:\/\/copades.com\/monec\/index.php?rest_route=\/wp\/v2\/types\/post"}],"author":[{"embeddable":true,"href":"https:\/\/copades.com\/monec\/index.php?rest_route=\/wp\/v2\/users\/1"}],"replies":[{"embeddable":true,"href":"https:\/\/copades.com\/monec\/index.php?rest_route=%2Fwp%2Fv2%2Fcomments&post=51293"}],"version-history":[{"count":1,"href":"https:\/\/copades.com\/monec\/index.php?rest_route=\/wp\/v2\/posts\/51293\/revisions"}],"predecessor-version":[{"id":51294,"href":"https:\/\/copades.com\/monec\/index.php?rest_route=\/wp\/v2\/posts\/51293\/revisions\/51294"}],"wp:featuredmedia":[{"embeddable":true,"href":"https:\/\/copades.com\/monec\/index.php?rest_route=\/wp\/v2\/media\/49950"}],"wp:attachment":[{"href":"https:\/\/copades.com\/monec\/index.php?rest_route=%2Fwp%2Fv2%2Fmedia&parent=51293"}],"wp:term":[{"taxonomy":"category","embeddable":true,"href":"https:\/\/copades.com\/monec\/index.php?rest_route=%2Fwp%2Fv2%2Fcategories&post=51293"},{"taxonomy":"post_tag","embeddable":true,"href":"https:\/\/copades.com\/monec\/index.php?rest_route=%2Fwp%2Fv2%2Ftags&post=51293"}],"curies":[{"name":"wp","href":"https:\/\/api.w.org\/{rel}","templated":true}]}}