{"id":5130,"date":"2013-01-08T17:23:32","date_gmt":"2013-01-08T17:23:32","guid":{"rendered":"http:\/\/copades.com\/monec\/?p=5130"},"modified":"2013-01-18T17:24:30","modified_gmt":"2013-01-18T17:24:30","slug":"exportacion-de-cafe-crece-a-pesar-de-la-roya","status":"publish","type":"post","link":"https:\/\/copades.com\/monec\/?p=5130","title":{"rendered":"Exportaci\u00f3n de caf\u00e9 crece a pesar de la roya"},"content":{"rendered":"<p style=\"text-align: justify;\">Las exportaciones de caf\u00e9 de Guatemala crecieron 7.57% en el primer trimestre de la cosecha en marcha (octubre a diciembre del 2012), en relaci\u00f3n con el mismo per\u00edodo de la cosecha anterior, a pesar de una plaga de roya, inform\u00f3 el 07 de enero una fuente empresarial. La Asociaci\u00f3n Nacional del Caf\u00e9 (<em>Anacaf\u00e9<\/em>) dijo en un comunicado que los productores guatemaltecos exportaron entre octubre y diciembre del 2012, el primer trimestre de la cosecha cafetalera actual, 410,362 sacos de 60 kilogramos. Esa cifra es superior en 7.50% a los 381,500 sacos exportados durante el mismo per\u00edodo de la cosecha anterior. Los productores se mantienen preocupados por una plaga de roya que afecta al 67.15% del total de las 274,000 hect\u00e1reas de plantaciones, la que de no ser controlada podr\u00eda provocar una ca\u00edda de entre el 20.0% y el 40.0% de la producci\u00f3n de la cosecha actual que concluye en septiembre pr\u00f3ximo. (Prensa Libre\/Diario de Centroamerica 08.01.12)<\/p>\n","protected":false},"excerpt":{"rendered":"<p>Las exportaciones de caf\u00e9 de Guatemala crecieron 7.57% en el primer trimestre de la cosecha en marcha (octubre a diciembre del 2012), en relaci\u00f3n con el mismo per\u00edodo de la cosecha anterior, a pesar&#46;&#46;&#46;<\/p>\n","protected":false},"author":1,"featured_media":0,"comment_status":"open","ping_status":"closed","sticky":false,"template":"","format":"standard","meta":{"footnotes":""},"categories":[24,30],"tags":[251],"class_list":["post-5130","post","type-post","status-publish","format-standard","hentry","category-comercio-exterior","category-exportaciones-de-cafe","tag-anacafe"],"_links":{"self":[{"href":"https:\/\/copades.com\/monec\/index.php?rest_route=\/wp\/v2\/posts\/5130","targetHints":{"allow":["GET"]}}],"collection":[{"href":"https:\/\/copades.com\/monec\/index.php?rest_route=\/wp\/v2\/posts"}],"about":[{"href":"https:\/\/copades.com\/monec\/index.php?rest_route=\/wp\/v2\/types\/post"}],"author":[{"embeddable":true,"href":"https:\/\/copades.com\/monec\/index.php?rest_route=\/wp\/v2\/users\/1"}],"replies":[{"embeddable":true,"href":"https:\/\/copades.com\/monec\/index.php?rest_route=%2Fwp%2Fv2%2Fcomments&post=5130"}],"version-history":[{"count":1,"href":"https:\/\/copades.com\/monec\/index.php?rest_route=\/wp\/v2\/posts\/5130\/revisions"}],"predecessor-version":[{"id":5131,"href":"https:\/\/copades.com\/monec\/index.php?rest_route=\/wp\/v2\/posts\/5130\/revisions\/5131"}],"wp:attachment":[{"href":"https:\/\/copades.com\/monec\/index.php?rest_route=%2Fwp%2Fv2%2Fmedia&parent=5130"}],"wp:term":[{"taxonomy":"category","embeddable":true,"href":"https:\/\/copades.com\/monec\/index.php?rest_route=%2Fwp%2Fv2%2Fcategories&post=5130"},{"taxonomy":"post_tag","embeddable":true,"href":"https:\/\/copades.com\/monec\/index.php?rest_route=%2Fwp%2Fv2%2Ftags&post=5130"}],"curies":[{"name":"wp","href":"https:\/\/api.w.org\/{rel}","templated":true}]}}