{"id":51698,"date":"2022-02-10T12:14:30","date_gmt":"2022-02-10T18:14:30","guid":{"rendered":"https:\/\/copades.com\/monec\/?p=51698"},"modified":"2022-02-10T12:14:30","modified_gmt":"2022-02-10T18:14:30","slug":"camara-de-comercio-de-guatemala-suspende-afiliacion-con-el-cacif","status":"publish","type":"post","link":"https:\/\/copades.com\/monec\/?p=51698","title":{"rendered":"C\u00e1mara de Comercio de Guatemala suspende afiliaci\u00f3n con el CACIF"},"content":{"rendered":"<p style=\"text-align: justify;\">Defender los intereses de sus afiliados y promover sus principios frente a los distintos gobiernos, son algunas de las razones por las que la Asamblea General de la C\u00e1mara de Comercio de Guatemala (CCG) decidi\u00f3 suspender temporalmente el 28 de enero de este a\u00f1o su afiliaci\u00f3n con el Comit\u00e9 Coordinador de Asociaciones Agr\u00edcolas, Comerciales, Industriales y Financieras (CACIF), seg\u00fan confirm\u00f3 <strong>Jorge Briz<\/strong> presidente de la CCG. Por medio de un comunicado de prensa, la C\u00e1mara se\u00f1al\u00f3 que \u201cesta decisi\u00f3n ha sido comunicada apropiadamente a los representantes de CACIF en su momento\u201d. La reincorporaci\u00f3n qued\u00f3 sujeta a la Asamblea que lo conocer\u00e1 nuevamente el pr\u00f3ximo a\u00f1o, agreg\u00f3 Briz. Por aparte, <strong>Hermann Gir\u00f3n<\/strong>, presidente del CACIF, record\u00f3 que las diferentes posturas de las c\u00e1maras han provocado su salida en administraciones pasadas y lo calific\u00f3 como \u201cdecisiones que dentro de la gremialidad a veces se toman\u201d. Tambi\u00e9n explic\u00f3 que al dejar en suspenso su participaci\u00f3n en la directiva del CACIF conlleva decisiones como las de participar en juntas directivas y representaciones. \u201cSin embargo, no significa que dejemos de tener una gran comunicaci\u00f3n y coordinaci\u00f3n en beneficio de la empresarialidad, el libre comercio y el Estado de derecho en Guatemala\u201d, sostuvo. En la Junta Directiva 2021-2022, Briz ten\u00eda el cargo de primer vicepresidente. Adem\u00e1s, Gir\u00f3n resalt\u00f3 que \u201ces importante reconocer el rol del CACIF y el sistema de las diferentes c\u00e1maras ya que cada uno promueve intereses\u201d y ellos realizan esfuerzos por \u201calinear esos objetivos de la mejor manera\u201d en temas de inter\u00e9s para el pa\u00eds. (El Peri\u00f3dico\/Prensa Libre 10.02.22)<\/p>\n","protected":false},"excerpt":{"rendered":"<p>Defender los intereses de sus afiliados y promover sus principios frente a los distintos gobiernos, son algunas de las razones por las que la Asamblea General de la C\u00e1mara de Comercio de Guatemala (CCG)&#46;&#46;&#46;<\/p>\n","protected":false},"author":1,"featured_media":49153,"comment_status":"open","ping_status":"closed","sticky":false,"template":"","format":"standard","meta":{"footnotes":""},"categories":[5,1981],"tags":[250,242],"class_list":["post-51698","post","type-post","status-publish","format-standard","has-post-thumbnail","hentry","category-actividad-productiva","category-empresarial","tag-cacif","tag-ccg"],"_links":{"self":[{"href":"https:\/\/copades.com\/monec\/index.php?rest_route=\/wp\/v2\/posts\/51698","targetHints":{"allow":["GET"]}}],"collection":[{"href":"https:\/\/copades.com\/monec\/index.php?rest_route=\/wp\/v2\/posts"}],"about":[{"href":"https:\/\/copades.com\/monec\/index.php?rest_route=\/wp\/v2\/types\/post"}],"author":[{"embeddable":true,"href":"https:\/\/copades.com\/monec\/index.php?rest_route=\/wp\/v2\/users\/1"}],"replies":[{"embeddable":true,"href":"https:\/\/copades.com\/monec\/index.php?rest_route=%2Fwp%2Fv2%2Fcomments&post=51698"}],"version-history":[{"count":1,"href":"https:\/\/copades.com\/monec\/index.php?rest_route=\/wp\/v2\/posts\/51698\/revisions"}],"predecessor-version":[{"id":51699,"href":"https:\/\/copades.com\/monec\/index.php?rest_route=\/wp\/v2\/posts\/51698\/revisions\/51699"}],"wp:featuredmedia":[{"embeddable":true,"href":"https:\/\/copades.com\/monec\/index.php?rest_route=\/wp\/v2\/media\/49153"}],"wp:attachment":[{"href":"https:\/\/copades.com\/monec\/index.php?rest_route=%2Fwp%2Fv2%2Fmedia&parent=51698"}],"wp:term":[{"taxonomy":"category","embeddable":true,"href":"https:\/\/copades.com\/monec\/index.php?rest_route=%2Fwp%2Fv2%2Fcategories&post=51698"},{"taxonomy":"post_tag","embeddable":true,"href":"https:\/\/copades.com\/monec\/index.php?rest_route=%2Fwp%2Fv2%2Ftags&post=51698"}],"curies":[{"name":"wp","href":"https:\/\/api.w.org\/{rel}","templated":true}]}}