{"id":52346,"date":"2022-03-25T11:48:50","date_gmt":"2022-03-25T17:48:50","guid":{"rendered":"https:\/\/copades.com\/monec\/?p=52346"},"modified":"2022-03-28T11:50:23","modified_gmt":"2022-03-28T17:50:23","slug":"cacif-realizara-seguimiento-al-presupuesto","status":"publish","type":"post","link":"https:\/\/copades.com\/monec\/?p=52346","title":{"rendered":"CACIF realizar\u00e1 seguimiento al Presupuesto"},"content":{"rendered":"<p style=\"text-align: justify;\">Con la plataforma del Observatorio del Presupuesto se podr\u00e1 dar seguimiento a los indicadores del gasto p\u00fablico para hacer an\u00e1lisis y propuestas en la ejecuci\u00f3n y formulaci\u00f3n presupuestaria. El primer an\u00e1lisis del Observatorio de Presupuesto, una herramienta que present\u00f3 el Comit\u00e9 Coordinador de Asociaciones Agr\u00edcolas, Comerciales, Industriales y Financieras (CACIF) mostr\u00f3 que existe una amplia brecha entre los recursos destinados al pago salarial en el Ministerio de Educaci\u00f3n (Mineduc) y una baja inversi\u00f3n en mobiliario, material did\u00e1ctico y de c\u00f3mputo, entre otras asignaciones. Una de las propuestas es que se detenga este crecimiento en el rubro de los salarios en el Mineduc. A decir de <strong>Roberto Ard\u00f3n<\/strong>, director ejecutivo del CACIF, una de las necesidades evidentes es recuperar la infraestructura educativa. <strong>Hermann Gir\u00f3n<\/strong>, presidente del CACIF, indic\u00f3 que se deben contar los indicadores para medir a partir de los datos y complementarlo con el an\u00e1lisis de otras entidades. Para <strong>C\u00e9sar Sig\u00fcenza<\/strong>, director del \u00e1rea legal de la Fundaci\u00f3n Guatemala 2020, se debe hacer un cambio en la Ley de Servicio Civil para evitar que existan negociaciones puntuales. (El Peri\u00f3dico\/Diario de Centro Am\u00e9rica 25.03.22)<\/p>\n","protected":false},"excerpt":{"rendered":"<p>Con la plataforma del Observatorio del Presupuesto se podr\u00e1 dar seguimiento a los indicadores del gasto p\u00fablico para hacer an\u00e1lisis y propuestas en la ejecuci\u00f3n y formulaci\u00f3n presupuestaria. El primer an\u00e1lisis del Observatorio de&#46;&#46;&#46;<\/p>\n","protected":false},"author":1,"featured_media":49061,"comment_status":"open","ping_status":"closed","sticky":false,"template":"","format":"standard","meta":{"footnotes":""},"categories":[41,39],"tags":[250,398],"class_list":["post-52346","post","type-post","status-publish","format-standard","has-post-thumbnail","hentry","category-finanzas-publicas","category-sector-publico","tag-cacif","tag-mineduc"],"_links":{"self":[{"href":"https:\/\/copades.com\/monec\/index.php?rest_route=\/wp\/v2\/posts\/52346","targetHints":{"allow":["GET"]}}],"collection":[{"href":"https:\/\/copades.com\/monec\/index.php?rest_route=\/wp\/v2\/posts"}],"about":[{"href":"https:\/\/copades.com\/monec\/index.php?rest_route=\/wp\/v2\/types\/post"}],"author":[{"embeddable":true,"href":"https:\/\/copades.com\/monec\/index.php?rest_route=\/wp\/v2\/users\/1"}],"replies":[{"embeddable":true,"href":"https:\/\/copades.com\/monec\/index.php?rest_route=%2Fwp%2Fv2%2Fcomments&post=52346"}],"version-history":[{"count":1,"href":"https:\/\/copades.com\/monec\/index.php?rest_route=\/wp\/v2\/posts\/52346\/revisions"}],"predecessor-version":[{"id":52347,"href":"https:\/\/copades.com\/monec\/index.php?rest_route=\/wp\/v2\/posts\/52346\/revisions\/52347"}],"wp:featuredmedia":[{"embeddable":true,"href":"https:\/\/copades.com\/monec\/index.php?rest_route=\/wp\/v2\/media\/49061"}],"wp:attachment":[{"href":"https:\/\/copades.com\/monec\/index.php?rest_route=%2Fwp%2Fv2%2Fmedia&parent=52346"}],"wp:term":[{"taxonomy":"category","embeddable":true,"href":"https:\/\/copades.com\/monec\/index.php?rest_route=%2Fwp%2Fv2%2Fcategories&post=52346"},{"taxonomy":"post_tag","embeddable":true,"href":"https:\/\/copades.com\/monec\/index.php?rest_route=%2Fwp%2Fv2%2Ftags&post=52346"}],"curies":[{"name":"wp","href":"https:\/\/api.w.org\/{rel}","templated":true}]}}