{"id":52767,"date":"2022-04-27T10:59:42","date_gmt":"2022-04-27T16:59:42","guid":{"rendered":"https:\/\/copades.com\/monec\/?p=52767"},"modified":"2022-04-27T10:59:42","modified_gmt":"2022-04-27T16:59:42","slug":"el-gobierno-de-biden-lanza-un-plan-migratorio-para-reforzar-la-frontera","status":"publish","type":"post","link":"https:\/\/copades.com\/monec\/?p=52767","title":{"rendered":"El gobierno de Biden lanza un plan migratorio para reforzar la frontera"},"content":{"rendered":"<p style=\"text-align: justify;\">El Gobierno del presidente de EE. UU., <strong>Joe Biden<\/strong>, present\u00f3 ayer un plan migratorio para reforzar la frontera, ante la posible rescisi\u00f3n en mayo de la norma sanitaria por la que se ha expulsado a indocumentados durante la pandemia. El Ejecutivo lanz\u00f3 esta iniciativa migratoria de seis puntos, pese a que el lunes un juez federal de Luisiana anunci\u00f3 que va a bloquear la decisi\u00f3n del Gobierno de acabar el pr\u00f3ximo 23 de mayo con el T\u00edtulo 42. Funcionarios de la Casa Blanca indicaron que se cumplir\u00e1 con la orden del magistrado cuando sea expedida. Dicho t\u00edtulo es una medida amparada en la pandemia que impusieron los Centros para el Control y Prevenci\u00f3n de Enfermedades (CDC, en ingl\u00e9s) en 2020, en el mandato de Donald Trump, y que ha continuado bajo Biden. Aun as\u00ed, explicaron que, una vez que el T\u00edtulo 42 sea levantado, el Gobierno pretende \u201cexpandir de forma significativa\u201d las expulsiones r\u00e1pidas en la frontera por medio del T\u00edtulo 8, que es la norma est\u00e1ndar por la que EE. UU. realiza las deportaciones. La expansi\u00f3n de esas expulsiones de indocumentados es uno de los pilares del plan presentado ayer, que tambi\u00e9n contempla un refuerzo de los efectivos desplegados en la frontera, con la suma de 600 m\u00e1s para la Oficina de Aduanas y Protecci\u00f3n Fronteriza. Otro de los pilares de la iniciativa es mejorar la eficiencia y los tr\u00e1mites de los casos de migrantes en la frontera \u201cpara mitigar la saturaci\u00f3n de las estaciones de la patrulla fronteriza y aliviar la carga en las comunidades de alrededor\u201d, dijo un funcionario. (El Peri\u00f3dico 27.04.22)<\/p>\n","protected":false},"excerpt":{"rendered":"<p>El Gobierno del presidente de EE. UU., Joe Biden, present\u00f3 ayer un plan migratorio para reforzar la frontera, ante la posible rescisi\u00f3n en mayo de la norma sanitaria por la que se ha expulsado&#46;&#46;&#46;<\/p>\n","protected":false},"author":1,"featured_media":49401,"comment_status":"open","ping_status":"closed","sticky":false,"template":"","format":"standard","meta":{"footnotes":""},"categories":[5,840],"tags":[6981,2670],"class_list":["post-52767","post","type-post","status-publish","format-standard","has-post-thumbnail","hentry","category-actividad-productiva","category-migracion","tag-cdc","tag-joe-biden"],"_links":{"self":[{"href":"https:\/\/copades.com\/monec\/index.php?rest_route=\/wp\/v2\/posts\/52767","targetHints":{"allow":["GET"]}}],"collection":[{"href":"https:\/\/copades.com\/monec\/index.php?rest_route=\/wp\/v2\/posts"}],"about":[{"href":"https:\/\/copades.com\/monec\/index.php?rest_route=\/wp\/v2\/types\/post"}],"author":[{"embeddable":true,"href":"https:\/\/copades.com\/monec\/index.php?rest_route=\/wp\/v2\/users\/1"}],"replies":[{"embeddable":true,"href":"https:\/\/copades.com\/monec\/index.php?rest_route=%2Fwp%2Fv2%2Fcomments&post=52767"}],"version-history":[{"count":1,"href":"https:\/\/copades.com\/monec\/index.php?rest_route=\/wp\/v2\/posts\/52767\/revisions"}],"predecessor-version":[{"id":52768,"href":"https:\/\/copades.com\/monec\/index.php?rest_route=\/wp\/v2\/posts\/52767\/revisions\/52768"}],"wp:featuredmedia":[{"embeddable":true,"href":"https:\/\/copades.com\/monec\/index.php?rest_route=\/wp\/v2\/media\/49401"}],"wp:attachment":[{"href":"https:\/\/copades.com\/monec\/index.php?rest_route=%2Fwp%2Fv2%2Fmedia&parent=52767"}],"wp:term":[{"taxonomy":"category","embeddable":true,"href":"https:\/\/copades.com\/monec\/index.php?rest_route=%2Fwp%2Fv2%2Fcategories&post=52767"},{"taxonomy":"post_tag","embeddable":true,"href":"https:\/\/copades.com\/monec\/index.php?rest_route=%2Fwp%2Fv2%2Ftags&post=52767"}],"curies":[{"name":"wp","href":"https:\/\/api.w.org\/{rel}","templated":true}]}}