{"id":52797,"date":"2022-04-28T14:25:18","date_gmt":"2022-04-28T20:25:18","guid":{"rendered":"https:\/\/copades.com\/monec\/?p=52797"},"modified":"2022-04-29T14:26:13","modified_gmt":"2022-04-29T20:26:13","slug":"precios-de-la-electricidad-subiran-en-mayo","status":"publish","type":"post","link":"https:\/\/copades.com\/monec\/?p=52797","title":{"rendered":"Precios de la electricidad subir\u00e1n en mayo"},"content":{"rendered":"<p style=\"text-align: justify;\">La Comisi\u00f3n Nacional de Energ\u00eda El\u00e9ctrica (CNEE) a\u00fan est\u00e1 en el proceso de c\u00e1lculo para las nuevas tarifas de electricidad que cobrar\u00e1n vigencia el 1 de mayo, pero estima que van a mostrar variaciones respecto a las vigentes en el actual trimestre, que finaliza el 30 de abril, indic\u00f3 el presidente de esa entidad, Rodrigo Fern\u00e1ndez. El 1 de mayo de cada a\u00f1o, entran en vigencia las tarifas base, que incluye tambi\u00e9n los costos de generaci\u00f3n y a continuaci\u00f3n, se hacen ajustes trimestrales a las tarifas, mismas que han presentado alzas constantes para los segmentos social y no social. Las tarifas establecidas para el trimestre de febrero a abril del 2022 representan un aumento de Q0.11 por kWh al mes (alrededor de 5%) para los usuarios de Deocsa y Deorsa, respecto a las de hace un a\u00f1o. Para los de la EEGSA, el aumento para la tarifa no social fue de Q0.07, mientras que en la social fue de Q0.06 o 5% para los dos casos. Para la social existe un subsidio que fue ampliado temporalmente con el fin de cubrir a los usuarios que consumen hasta 100 kilovatios hora al mes, para mitigar el impacto del alza en de los combustibles. Los aumentos previstos (a\u00fan no especificados) se deber\u00e1n principalmente a las alzas en los precios internacionales de los combustibles utilizados para la generaci\u00f3n, que se han intensificado durante el 2022, aunque ya se ven\u00edan registrando desde el segundo semestre de 2021. Entre las causas externas, se menciona el conflicto b\u00e9lico entre Rusia y Ucrania y las sanciones comerciales que se han implementado desde finales de febrero pasado. En algunos casos se han registrado precios r\u00e9cord de los combustibles que se utilizan en la generaci\u00f3n t\u00e9rmica asociada a los contratos de compra de potencia y energ\u00eda de las distribuidoras de energ\u00eda. (Prensa Libre 28.04.22)<\/p>\n","protected":false},"excerpt":{"rendered":"<p>La Comisi\u00f3n Nacional de Energ\u00eda El\u00e9ctrica (CNEE) a\u00fan est\u00e1 en el proceso de c\u00e1lculo para las nuevas tarifas de electricidad que cobrar\u00e1n vigencia el 1 de mayo, pero estima que van a mostrar variaciones&#46;&#46;&#46;<\/p>\n","protected":false},"author":1,"featured_media":48376,"comment_status":"open","ping_status":"closed","sticky":false,"template":"","format":"standard","meta":{"footnotes":""},"categories":[5,14],"tags":[151],"class_list":["post-52797","post","type-post","status-publish","format-standard","has-post-thumbnail","hentry","category-actividad-productiva","category-energia-electrica","tag-cnee"],"_links":{"self":[{"href":"https:\/\/copades.com\/monec\/index.php?rest_route=\/wp\/v2\/posts\/52797","targetHints":{"allow":["GET"]}}],"collection":[{"href":"https:\/\/copades.com\/monec\/index.php?rest_route=\/wp\/v2\/posts"}],"about":[{"href":"https:\/\/copades.com\/monec\/index.php?rest_route=\/wp\/v2\/types\/post"}],"author":[{"embeddable":true,"href":"https:\/\/copades.com\/monec\/index.php?rest_route=\/wp\/v2\/users\/1"}],"replies":[{"embeddable":true,"href":"https:\/\/copades.com\/monec\/index.php?rest_route=%2Fwp%2Fv2%2Fcomments&post=52797"}],"version-history":[{"count":1,"href":"https:\/\/copades.com\/monec\/index.php?rest_route=\/wp\/v2\/posts\/52797\/revisions"}],"predecessor-version":[{"id":52798,"href":"https:\/\/copades.com\/monec\/index.php?rest_route=\/wp\/v2\/posts\/52797\/revisions\/52798"}],"wp:featuredmedia":[{"embeddable":true,"href":"https:\/\/copades.com\/monec\/index.php?rest_route=\/wp\/v2\/media\/48376"}],"wp:attachment":[{"href":"https:\/\/copades.com\/monec\/index.php?rest_route=%2Fwp%2Fv2%2Fmedia&parent=52797"}],"wp:term":[{"taxonomy":"category","embeddable":true,"href":"https:\/\/copades.com\/monec\/index.php?rest_route=%2Fwp%2Fv2%2Fcategories&post=52797"},{"taxonomy":"post_tag","embeddable":true,"href":"https:\/\/copades.com\/monec\/index.php?rest_route=%2Fwp%2Fv2%2Ftags&post=52797"}],"curies":[{"name":"wp","href":"https:\/\/api.w.org\/{rel}","templated":true}]}}