{"id":52843,"date":"2022-05-02T12:20:30","date_gmt":"2022-05-02T18:20:30","guid":{"rendered":"https:\/\/copades.com\/monec\/?p=52843"},"modified":"2022-05-03T12:21:48","modified_gmt":"2022-05-03T18:21:48","slug":"guatemala-una-economia-robusta","status":"publish","type":"post","link":"https:\/\/copades.com\/monec\/?p=52843","title":{"rendered":"Guatemala, una econom\u00eda robusta"},"content":{"rendered":"<p style=\"text-align: justify;\">Entidades financieras y calificadoras de riesgo internacionales han ratificado el buen momento que atraviesa la macroeconom\u00eda de Guatemala, a pesar de las crisis a las que se ha enfrentado como la pandemia del Covid-19 y los fen\u00f3menos atmosf\u00e9ricos. Una misi\u00f3n del Fondo Monetario Internacional concluy\u00f3 recientemente que la econom\u00eda guatemalteca repunt\u00f3 con fuerza en 2021 y, seg\u00fan las proyecciones, retomar\u00e1 la tendencia de crecimiento que ten\u00eda, antes de que el coronavirus llegara a nuestro pa\u00eds. Por su parte, la calificadora <em>Standard &amp; Poor\u2019s<\/em> cambi\u00f3 de estable a positiva la calificaci\u00f3n de riesgo pa\u00eds a Guatemala, y tom\u00f3 en consideraci\u00f3n la estabilidad macroecon\u00f3mica y la prudencia fiscal, pol\u00edticas que han fortalecido la din\u00e1mica de crecimiento del producto interno bruto (PIB) del pa\u00eds. La agencia internacional <em>Fitch Ratings<\/em> tambi\u00e9n calific\u00f3 con perspectiva positiva a Guatemala, al destacar la fuerte consolidaci\u00f3n fiscal, la acumulaci\u00f3n de reservas, la proyecci\u00f3n de crecimiento econ\u00f3mico, el impulso de la recuperaci\u00f3n econ\u00f3mica y las mejoras estructurales en la recaudaci\u00f3n de impuestos. Esto se traduce en una calificaci\u00f3n BB, ya que las obligaciones financieras son las adecuadas, inform\u00f3 el Ministerio de Finanzas P\u00fablicas en un comunicado de prensa. (Diario de Centro Am\u00e9rica 02.05.22)<\/p>\n","protected":false},"excerpt":{"rendered":"<p>Entidades financieras y calificadoras de riesgo internacionales han ratificado el buen momento que atraviesa la macroeconom\u00eda de Guatemala, a pesar de las crisis a las que se ha enfrentado como la pandemia del Covid-19&#46;&#46;&#46;<\/p>\n","protected":false},"author":1,"featured_media":51207,"comment_status":"open","ping_status":"closed","sticky":false,"template":"","format":"standard","meta":{"footnotes":""},"categories":[9,5],"tags":[550,142,735],"class_list":["post-52843","post","type-post","status-publish","format-standard","has-post-thumbnail","hentry","category-actividad-productiva-actividad-productiva","category-actividad-productiva","tag-fitch-ratings","tag-pib","tag-standard-poors"],"_links":{"self":[{"href":"https:\/\/copades.com\/monec\/index.php?rest_route=\/wp\/v2\/posts\/52843","targetHints":{"allow":["GET"]}}],"collection":[{"href":"https:\/\/copades.com\/monec\/index.php?rest_route=\/wp\/v2\/posts"}],"about":[{"href":"https:\/\/copades.com\/monec\/index.php?rest_route=\/wp\/v2\/types\/post"}],"author":[{"embeddable":true,"href":"https:\/\/copades.com\/monec\/index.php?rest_route=\/wp\/v2\/users\/1"}],"replies":[{"embeddable":true,"href":"https:\/\/copades.com\/monec\/index.php?rest_route=%2Fwp%2Fv2%2Fcomments&post=52843"}],"version-history":[{"count":1,"href":"https:\/\/copades.com\/monec\/index.php?rest_route=\/wp\/v2\/posts\/52843\/revisions"}],"predecessor-version":[{"id":52844,"href":"https:\/\/copades.com\/monec\/index.php?rest_route=\/wp\/v2\/posts\/52843\/revisions\/52844"}],"wp:featuredmedia":[{"embeddable":true,"href":"https:\/\/copades.com\/monec\/index.php?rest_route=\/wp\/v2\/media\/51207"}],"wp:attachment":[{"href":"https:\/\/copades.com\/monec\/index.php?rest_route=%2Fwp%2Fv2%2Fmedia&parent=52843"}],"wp:term":[{"taxonomy":"category","embeddable":true,"href":"https:\/\/copades.com\/monec\/index.php?rest_route=%2Fwp%2Fv2%2Fcategories&post=52843"},{"taxonomy":"post_tag","embeddable":true,"href":"https:\/\/copades.com\/monec\/index.php?rest_route=%2Fwp%2Fv2%2Ftags&post=52843"}],"curies":[{"name":"wp","href":"https:\/\/api.w.org\/{rel}","templated":true}]}}