{"id":52845,"date":"2022-05-02T12:21:54","date_gmt":"2022-05-02T18:21:54","guid":{"rendered":"https:\/\/copades.com\/monec\/?p=52845"},"modified":"2022-05-03T12:23:36","modified_gmt":"2022-05-03T18:23:36","slug":"tarifas-de-energia-con-nuevo-aumento","status":"publish","type":"post","link":"https:\/\/copades.com\/monec\/?p=52845","title":{"rendered":"Tarifas de energ\u00eda con nuevo aumento"},"content":{"rendered":"<p style=\"text-align: justify;\">El valor de la tarifa de energ\u00eda el\u00e9ctrica en el siguiente trimestre (mayo a julio), tendr\u00e1 un nuevo incremento. Entre los factores que influyeron en el alza est\u00e1n el comportamiento de los precios internacionales de los combustibles , el aumento en los costos de generaci\u00f3n y la inflaci\u00f3n, seg\u00fan el bolet\u00edn de ajuste tarifario aprobado para las distribuidoras del pa\u00eds, por la Comisi\u00f3n Nacional de Energ\u00eda El\u00e9ctrica (CNEE), Las tarifas para los clientes de la Empresa El\u00e9ctrica de Guatemala, S. A. (EEGSA) tiene un aumento del 3.3 y 3.5 por ciento; para los usuarios de la Distribuidora de Occidente, S. A. (Deocsa) y de la Distribuidora de Oriente, S. A. (Deorsa) oscila entre 6.6 y 7.4 por ciento. El ajuste equivale a Q0.140 por kilovatio \/ hora (kWh) para Deocs a y Deorsa, Q0.045 par a EEGSA. La Tarifa Social par a Deocsa pas\u00f3 de Q1.977 a Q2.117 por kW h, la de Deorsa pas\u00f3 de Q1.884 a Q2.024, y la EGSSA de Q1.281 a Q1.326. E l Instituto Nacional de Electrificaci\u00f3n (INDE) aplica el Aporte a la Tarifa Social para el rango de uno a 100 kWh. Durante abril el INDE desembols\u00f3 Q80 millones del aporte. Para este a\u00f1o se tiene Q931 millones para cubrir la tarifa social, ya que se ampli\u00f3 el n\u00famero de beneficiados, de estos, Q450 millones ser\u00e1n a portados por el Gobierno. La Tarifa No Social para Deocsa pas\u00f3 de Q2.108 a Q2.248 kWh, la de Deorsa de Q1.978 a Q2.119, y la de EEGSA de Q1.369 a Q1.414. La CNEE afirma que se trata de una tendencia mundial. (El Peri\u00f3dico\/Prensa Libre\/La Hora 02.05.22)<\/p>\n","protected":false},"excerpt":{"rendered":"<p>El valor de la tarifa de energ\u00eda el\u00e9ctrica en el siguiente trimestre (mayo a julio), tendr\u00e1 un nuevo incremento. Entre los factores que influyeron en el alza est\u00e1n el comportamiento de los precios internacionales&#46;&#46;&#46;<\/p>\n","protected":false},"author":1,"featured_media":48249,"comment_status":"open","ping_status":"closed","sticky":false,"template":"","format":"standard","meta":{"footnotes":""},"categories":[5,14],"tags":[151,301,300,162,292],"class_list":["post-52845","post","type-post","status-publish","format-standard","has-post-thumbnail","hentry","category-actividad-productiva","category-energia-electrica","tag-cnee","tag-deocsa","tag-deorsa","tag-eegsa","tag-inde"],"_links":{"self":[{"href":"https:\/\/copades.com\/monec\/index.php?rest_route=\/wp\/v2\/posts\/52845","targetHints":{"allow":["GET"]}}],"collection":[{"href":"https:\/\/copades.com\/monec\/index.php?rest_route=\/wp\/v2\/posts"}],"about":[{"href":"https:\/\/copades.com\/monec\/index.php?rest_route=\/wp\/v2\/types\/post"}],"author":[{"embeddable":true,"href":"https:\/\/copades.com\/monec\/index.php?rest_route=\/wp\/v2\/users\/1"}],"replies":[{"embeddable":true,"href":"https:\/\/copades.com\/monec\/index.php?rest_route=%2Fwp%2Fv2%2Fcomments&post=52845"}],"version-history":[{"count":1,"href":"https:\/\/copades.com\/monec\/index.php?rest_route=\/wp\/v2\/posts\/52845\/revisions"}],"predecessor-version":[{"id":52846,"href":"https:\/\/copades.com\/monec\/index.php?rest_route=\/wp\/v2\/posts\/52845\/revisions\/52846"}],"wp:featuredmedia":[{"embeddable":true,"href":"https:\/\/copades.com\/monec\/index.php?rest_route=\/wp\/v2\/media\/48249"}],"wp:attachment":[{"href":"https:\/\/copades.com\/monec\/index.php?rest_route=%2Fwp%2Fv2%2Fmedia&parent=52845"}],"wp:term":[{"taxonomy":"category","embeddable":true,"href":"https:\/\/copades.com\/monec\/index.php?rest_route=%2Fwp%2Fv2%2Fcategories&post=52845"},{"taxonomy":"post_tag","embeddable":true,"href":"https:\/\/copades.com\/monec\/index.php?rest_route=%2Fwp%2Fv2%2Ftags&post=52845"}],"curies":[{"name":"wp","href":"https:\/\/api.w.org\/{rel}","templated":true}]}}