{"id":52924,"date":"2022-05-06T11:49:06","date_gmt":"2022-05-06T17:49:06","guid":{"rendered":"https:\/\/copades.com\/monec\/?p=52924"},"modified":"2022-05-06T11:49:31","modified_gmt":"2022-05-06T17:49:31","slug":"migracion-comercio-e-inversion-los-temas-entre-lopez-obrador-y-giammattei","status":"publish","type":"post","link":"https:\/\/copades.com\/monec\/?p=52924","title":{"rendered":"Migraci\u00f3n, comercio e inversi\u00f3n, los temas entre L\u00f3pez Obrador y Giammattei"},"content":{"rendered":"<p style=\"text-align: justify;\">Durante la reuni\u00f3n bilateral del presidente de M\u00e9xico, <strong>Andr\u00e9s Manuel L\u00f3pez Obrador<\/strong>, y su hom\u00f3logo <strong>Alejandro Giammattei<\/strong>, se discutieron los temas de migraci\u00f3n, aduanas, comercio y programas sociales para los dos pa\u00edses. Se dio a conocer que conversaron sobre el Acuerdo de Asistencia Administrativa Mutua e Intercambio de Informaci\u00f3n en Asuntos Aduaneros, la formalizaci\u00f3n del Punto de Cruce para el paso de Carga dentro del Cruce Fronterizo Ingenieros\u2013Nuevo Orizaba. Seg\u00fan ambos mandatarios, estas acciones crear\u00e1n un espacio de prosperidad econ\u00f3mica, cooperaci\u00f3n aduanera y la facilitaci\u00f3n del comercio. Otro de los convenios es realizar acercamientos para que se exploren mejores mecanismos de coordinaci\u00f3n en frontera, como horarios, procedimientos, entre otros en los puertos fronterizos con el objetivo de mejorar la atenci\u00f3n de los turistas, el paso de mercanc\u00edas, veh\u00edculos y medios de transporte, descongestionar las operaciones y as\u00ed contribuir con la facilitaci\u00f3n del comercio. Se acord\u00f3 que M\u00e9xico entregar\u00e1 a 25 mil guatemaltecos la Clave \u00danica del Registro de Poblaci\u00f3n (CURP), requisito para la afiliaci\u00f3n al Instituto Mexicano del Seguro Social (IMSS), para que empleadores mexicanos de la zona fronteriza pueden garantizar el derecho a la seguridad social de los trabajadores guatemaltecos desde el primer d\u00eda de su contrataci\u00f3n. (El Peri\u00f3dico 06.05.22)<\/p>\n","protected":false},"excerpt":{"rendered":"<p>Durante la reuni\u00f3n bilateral del presidente de M\u00e9xico, Andr\u00e9s Manuel L\u00f3pez Obrador, y su hom\u00f3logo Alejandro Giammattei, se discutieron los temas de migraci\u00f3n, aduanas, comercio y programas sociales para los dos pa\u00edses. Se dio&#46;&#46;&#46;<\/p>\n","protected":false},"author":1,"featured_media":52925,"comment_status":"open","ping_status":"closed","sticky":false,"template":"","format":"standard","meta":{"footnotes":""},"categories":[5779],"tags":[6782,7265,7759,7760,1102],"class_list":["post-52924","post","type-post","status-publish","format-standard","has-post-thumbnail","hentry","category-relaciones-diplomaticas","tag-alejandro-giammattei","tag-amlo","tag-curp","tag-imss","tag-migracion-2"],"_links":{"self":[{"href":"https:\/\/copades.com\/monec\/index.php?rest_route=\/wp\/v2\/posts\/52924","targetHints":{"allow":["GET"]}}],"collection":[{"href":"https:\/\/copades.com\/monec\/index.php?rest_route=\/wp\/v2\/posts"}],"about":[{"href":"https:\/\/copades.com\/monec\/index.php?rest_route=\/wp\/v2\/types\/post"}],"author":[{"embeddable":true,"href":"https:\/\/copades.com\/monec\/index.php?rest_route=\/wp\/v2\/users\/1"}],"replies":[{"embeddable":true,"href":"https:\/\/copades.com\/monec\/index.php?rest_route=%2Fwp%2Fv2%2Fcomments&post=52924"}],"version-history":[{"count":1,"href":"https:\/\/copades.com\/monec\/index.php?rest_route=\/wp\/v2\/posts\/52924\/revisions"}],"predecessor-version":[{"id":52926,"href":"https:\/\/copades.com\/monec\/index.php?rest_route=\/wp\/v2\/posts\/52924\/revisions\/52926"}],"wp:featuredmedia":[{"embeddable":true,"href":"https:\/\/copades.com\/monec\/index.php?rest_route=\/wp\/v2\/media\/52925"}],"wp:attachment":[{"href":"https:\/\/copades.com\/monec\/index.php?rest_route=%2Fwp%2Fv2%2Fmedia&parent=52924"}],"wp:term":[{"taxonomy":"category","embeddable":true,"href":"https:\/\/copades.com\/monec\/index.php?rest_route=%2Fwp%2Fv2%2Fcategories&post=52924"},{"taxonomy":"post_tag","embeddable":true,"href":"https:\/\/copades.com\/monec\/index.php?rest_route=%2Fwp%2Fv2%2Ftags&post=52924"}],"curies":[{"name":"wp","href":"https:\/\/api.w.org\/{rel}","templated":true}]}}