{"id":53013,"date":"2022-05-16T11:11:16","date_gmt":"2022-05-16T17:11:16","guid":{"rendered":"https:\/\/copades.com\/monec\/?p=53013"},"modified":"2022-05-17T11:12:45","modified_gmt":"2022-05-17T17:12:45","slug":"sat-llama-a-emitir-facturas-con-registro-del-consumidor","status":"publish","type":"post","link":"https:\/\/copades.com\/monec\/?p=53013","title":{"rendered":"SAT llama a emitir facturas con registro del consumidor"},"content":{"rendered":"<p style=\"text-align: justify;\">La Superintendencia de Administraci\u00f3n Tributaria (SAT) solicit\u00f3 a las compa\u00f1\u00edas distribuidoras, importadoras y fabricantes que abandonen la pr\u00e1ctica de emitir facturas con registro de \u201cConsumidor Final\u201d. \u201cEn la base de datos de la SAT, el monto por facturas emitidas bajo la figura de Consumidor Final mayores a Q25 mil es de Q15 mil millones y, de estas, el 75 por ciento de los registros est\u00e1 en 6010 contribuyentes\u201d, se\u00f1al\u00f3 el titular de la SAT, <strong>Marco Livio D\u00edaz<\/strong>. Asimismo, se hizo el llamado a las empresas que incurren en esa pr\u00e1ctica a abandonarla y que coloquen en sus documentos contables el N\u00famero de Identificaci\u00f3n Tributaria (NIT) o el Documento Personal de Identificaci\u00f3n (DPI). El superintendente D\u00edaz detall\u00f3 que iniciaron gestiones para corregir el reglamento que permite este tipo de registro, mediante una propuesta para modificar la ley; sin embargo, aclar\u00f3 que est\u00e1n facultados para hacer las fiscalizaciones. De acuerdo con el funcionario, con ello podr\u00e1n determinar si las compa\u00f1\u00edas que est\u00e1n facturando como Consumidor Final est\u00e1n de acuerdo con los distribuidores, porque no se les permite seguir la cadena de valor. (Diario de Centro Am\u00e9rica 16.05.22)<\/p>\n","protected":false},"excerpt":{"rendered":"<p>La Superintendencia de Administraci\u00f3n Tributaria (SAT) solicit\u00f3 a las compa\u00f1\u00edas distribuidoras, importadoras y fabricantes que abandonen la pr\u00e1ctica de emitir facturas con registro de \u201cConsumidor Final\u201d. \u201cEn la base de datos de la SAT,&#46;&#46;&#46;<\/p>\n","protected":false},"author":1,"featured_media":48382,"comment_status":"open","ping_status":"closed","sticky":false,"template":"","format":"standard","meta":{"footnotes":""},"categories":[41,39],"tags":[1464,1497,79],"class_list":["post-53013","post","type-post","status-publish","format-standard","has-post-thumbnail","hentry","category-finanzas-publicas","category-sector-publico","tag-dpi","tag-nit","tag-sat"],"_links":{"self":[{"href":"https:\/\/copades.com\/monec\/index.php?rest_route=\/wp\/v2\/posts\/53013","targetHints":{"allow":["GET"]}}],"collection":[{"href":"https:\/\/copades.com\/monec\/index.php?rest_route=\/wp\/v2\/posts"}],"about":[{"href":"https:\/\/copades.com\/monec\/index.php?rest_route=\/wp\/v2\/types\/post"}],"author":[{"embeddable":true,"href":"https:\/\/copades.com\/monec\/index.php?rest_route=\/wp\/v2\/users\/1"}],"replies":[{"embeddable":true,"href":"https:\/\/copades.com\/monec\/index.php?rest_route=%2Fwp%2Fv2%2Fcomments&post=53013"}],"version-history":[{"count":1,"href":"https:\/\/copades.com\/monec\/index.php?rest_route=\/wp\/v2\/posts\/53013\/revisions"}],"predecessor-version":[{"id":53014,"href":"https:\/\/copades.com\/monec\/index.php?rest_route=\/wp\/v2\/posts\/53013\/revisions\/53014"}],"wp:featuredmedia":[{"embeddable":true,"href":"https:\/\/copades.com\/monec\/index.php?rest_route=\/wp\/v2\/media\/48382"}],"wp:attachment":[{"href":"https:\/\/copades.com\/monec\/index.php?rest_route=%2Fwp%2Fv2%2Fmedia&parent=53013"}],"wp:term":[{"taxonomy":"category","embeddable":true,"href":"https:\/\/copades.com\/monec\/index.php?rest_route=%2Fwp%2Fv2%2Fcategories&post=53013"},{"taxonomy":"post_tag","embeddable":true,"href":"https:\/\/copades.com\/monec\/index.php?rest_route=%2Fwp%2Fv2%2Ftags&post=53013"}],"curies":[{"name":"wp","href":"https:\/\/api.w.org\/{rel}","templated":true}]}}