{"id":53163,"date":"2022-05-25T13:53:22","date_gmt":"2022-05-25T19:53:22","guid":{"rendered":"https:\/\/copades.com\/monec\/?p=53163"},"modified":"2022-05-25T13:53:22","modified_gmt":"2022-05-25T19:53:22","slug":"preven-mayor-consumo-y-transito-por-el-subsidio","status":"publish","type":"post","link":"https:\/\/copades.com\/monec\/?p=53163","title":{"rendered":"Prev\u00e9n mayor consumo y tr\u00e1nsito por el subsidio"},"content":{"rendered":"<p style=\"text-align: justify;\">La ampliaci\u00f3n del subsidio al gal\u00f3n de gasolinas y di\u00e9sel cobrar\u00e1 vigencia la pr\u00f3xima semana\u00a0\u00a0 provocar\u00e1n un incremento en la demanda de estos productos y de forma colateral, se intensificar\u00e1 la carga vehicular en el \u00e1rea metropolitana. En tanto, los transportistas eval\u00faan la posibilidad de congelar las tarifas del pasaje de personas y carga. El pr\u00f3ximo martes 31 de mayo entrar\u00e1 en vigor en Guatemala la nueva estructura de precios de los carburantes, con un subsidio de Q5 para las gasolinas regular y s\u00faper y de Q7 para el di\u00e9sel, durante un lapso de 60 d\u00edas. Esta es la medida que aprob\u00f3 el Congreso para atenuar la tendencia alcista en los precios del petr\u00f3leo y sus derivados. El pasado lunes, el barril del Petr\u00f3leo de Texas (WTI) cerr\u00f3 en US$110.29. Tal situaci\u00f3n, empieza a generar expectativas relevantes para distintos sectores, dado que el di\u00e9sel es el combustible de mayor demanda en el pa\u00eds, ya que se utiliza en los veh\u00edculos que trasladan personas y mercanc\u00edas. A partir del 31 de mayo, el gal\u00f3n de super tendr\u00e1 un subsidio de Q5, y tendr\u00e1 una referencia oficial, pero ser\u00e1 hasta lunes 30 cuando el MEM establecer\u00e1 los precios de referencia, ya con el nuevo pliego de subvenciones para esa semana. (Prensa Libre 25.05.22)<\/p>\n","protected":false},"excerpt":{"rendered":"<p>La ampliaci\u00f3n del subsidio al gal\u00f3n de gasolinas y di\u00e9sel cobrar\u00e1 vigencia la pr\u00f3xima semana\u00a0\u00a0 provocar\u00e1n un incremento en la demanda de estos productos y de forma colateral, se intensificar\u00e1 la carga vehicular en&#46;&#46;&#46;<\/p>\n","protected":false},"author":1,"featured_media":48356,"comment_status":"open","ping_status":"closed","sticky":false,"template":"","format":"standard","meta":{"footnotes":""},"categories":[5,12],"tags":[7279,140],"class_list":["post-53163","post","type-post","status-publish","format-standard","has-post-thumbnail","hentry","category-actividad-productiva","category-consumo","tag-subsidio","tag-wti"],"_links":{"self":[{"href":"https:\/\/copades.com\/monec\/index.php?rest_route=\/wp\/v2\/posts\/53163","targetHints":{"allow":["GET"]}}],"collection":[{"href":"https:\/\/copades.com\/monec\/index.php?rest_route=\/wp\/v2\/posts"}],"about":[{"href":"https:\/\/copades.com\/monec\/index.php?rest_route=\/wp\/v2\/types\/post"}],"author":[{"embeddable":true,"href":"https:\/\/copades.com\/monec\/index.php?rest_route=\/wp\/v2\/users\/1"}],"replies":[{"embeddable":true,"href":"https:\/\/copades.com\/monec\/index.php?rest_route=%2Fwp%2Fv2%2Fcomments&post=53163"}],"version-history":[{"count":1,"href":"https:\/\/copades.com\/monec\/index.php?rest_route=\/wp\/v2\/posts\/53163\/revisions"}],"predecessor-version":[{"id":53164,"href":"https:\/\/copades.com\/monec\/index.php?rest_route=\/wp\/v2\/posts\/53163\/revisions\/53164"}],"wp:featuredmedia":[{"embeddable":true,"href":"https:\/\/copades.com\/monec\/index.php?rest_route=\/wp\/v2\/media\/48356"}],"wp:attachment":[{"href":"https:\/\/copades.com\/monec\/index.php?rest_route=%2Fwp%2Fv2%2Fmedia&parent=53163"}],"wp:term":[{"taxonomy":"category","embeddable":true,"href":"https:\/\/copades.com\/monec\/index.php?rest_route=%2Fwp%2Fv2%2Fcategories&post=53163"},{"taxonomy":"post_tag","embeddable":true,"href":"https:\/\/copades.com\/monec\/index.php?rest_route=%2Fwp%2Fv2%2Ftags&post=53163"}],"curies":[{"name":"wp","href":"https:\/\/api.w.org\/{rel}","templated":true}]}}