{"id":53220,"date":"2022-05-27T13:36:04","date_gmt":"2022-05-27T19:36:04","guid":{"rendered":"https:\/\/copades.com\/monec\/?p=53220"},"modified":"2022-05-30T13:39:46","modified_gmt":"2022-05-30T19:39:46","slug":"maga-declara-veda-temporal-de-pesca-en-litoral-del-pacifico","status":"publish","type":"post","link":"https:\/\/copades.com\/monec\/?p=53220","title":{"rendered":"MAGA declara veda temporal de pesca en Litoral del Pacifico"},"content":{"rendered":"<p style=\"text-align: justify;\">El Ministerio de Agricultura, Ganader\u00eda y Alimentaci\u00f3n (MAGA) por medio del Acuerdo Ministerial No. 140-2022 declara \u00e9poca de Veda Temporal para la pesca de la especie de Moluscos \u00abBivalvos\u00bb como Mejillones, Conchas, Ostras y Almejas, en todos sus tipos de pesquer\u00eda en la Litoral del Pacifico comprendiendo los departamentos de Jutiapa, Santa Rosa, Escuintla, Suchitep\u00e9quez, Retalhuleu y San Marcos. Seg\u00fan el acuerdo publicado este viernes en el Diario Oficial se declara \u00e9poca de veda a partir de la publicaci\u00f3n de este Acuerdo Ministerial, hasta que los resultados obtenidos de los muestreos realizados por el Laboratorio Nacional de Salud, del Ministerio de Salud P\u00fablica y Asistencia Social confirmen que el consumo de estos productos es seguro para la salud humana. Se\u00f1ala que la Comisi\u00f3n Nacional para la Vigilancia y Control de la Marea Roja T\u00f3xica llevar\u00e1 a cabo monitoreo permanente para detectar toxinas naturales en especies marinas para el consumo local, con \u00e9nfasis en saxitoxinas. La Instituci\u00f3n se\u00f1ala que en los casos espec\u00edficos de aparejos de pesca que sean utilizados para la captura de Moluscos \u00abBivalvos\u00bb como Mejillones, Conchas, Ostras y Almejas en periodo de veda, ser\u00e1n levantados y decomisados al momento de la inspecci\u00f3n. (La Hora\/Prensa Libre 27.05.22)<\/p>\n","protected":false},"excerpt":{"rendered":"<p>El Ministerio de Agricultura, Ganader\u00eda y Alimentaci\u00f3n (MAGA) por medio del Acuerdo Ministerial No. 140-2022 declara \u00e9poca de Veda Temporal para la pesca de la especie de Moluscos \u00abBivalvos\u00bb como Mejillones, Conchas, Ostras y&#46;&#46;&#46;<\/p>\n","protected":false},"author":1,"featured_media":53221,"comment_status":"open","ping_status":"closed","sticky":false,"template":"","format":"standard","meta":{"footnotes":""},"categories":[5,15],"tags":[289],"class_list":["post-53220","post","type-post","status-publish","format-standard","has-post-thumbnail","hentry","category-actividad-productiva","category-ganaderia-silvicultura-pesca","tag-maga"],"_links":{"self":[{"href":"https:\/\/copades.com\/monec\/index.php?rest_route=\/wp\/v2\/posts\/53220","targetHints":{"allow":["GET"]}}],"collection":[{"href":"https:\/\/copades.com\/monec\/index.php?rest_route=\/wp\/v2\/posts"}],"about":[{"href":"https:\/\/copades.com\/monec\/index.php?rest_route=\/wp\/v2\/types\/post"}],"author":[{"embeddable":true,"href":"https:\/\/copades.com\/monec\/index.php?rest_route=\/wp\/v2\/users\/1"}],"replies":[{"embeddable":true,"href":"https:\/\/copades.com\/monec\/index.php?rest_route=%2Fwp%2Fv2%2Fcomments&post=53220"}],"version-history":[{"count":1,"href":"https:\/\/copades.com\/monec\/index.php?rest_route=\/wp\/v2\/posts\/53220\/revisions"}],"predecessor-version":[{"id":53222,"href":"https:\/\/copades.com\/monec\/index.php?rest_route=\/wp\/v2\/posts\/53220\/revisions\/53222"}],"wp:featuredmedia":[{"embeddable":true,"href":"https:\/\/copades.com\/monec\/index.php?rest_route=\/wp\/v2\/media\/53221"}],"wp:attachment":[{"href":"https:\/\/copades.com\/monec\/index.php?rest_route=%2Fwp%2Fv2%2Fmedia&parent=53220"}],"wp:term":[{"taxonomy":"category","embeddable":true,"href":"https:\/\/copades.com\/monec\/index.php?rest_route=%2Fwp%2Fv2%2Fcategories&post=53220"},{"taxonomy":"post_tag","embeddable":true,"href":"https:\/\/copades.com\/monec\/index.php?rest_route=%2Fwp%2Fv2%2Ftags&post=53220"}],"curies":[{"name":"wp","href":"https:\/\/api.w.org\/{rel}","templated":true}]}}