{"id":53239,"date":"2022-05-30T14:03:15","date_gmt":"2022-05-30T20:03:15","guid":{"rendered":"https:\/\/copades.com\/monec\/?p=53239"},"modified":"2022-05-30T14:03:15","modified_gmt":"2022-05-30T20:03:15","slug":"nuevo-salario-minimo-empieza-a-gestarse","status":"publish","type":"post","link":"https:\/\/copades.com\/monec\/?p=53239","title":{"rendered":"Nuevo salario m\u00ednimo empieza a gestarse"},"content":{"rendered":"<p style=\"text-align: justify;\">La segunda reuni\u00f3n de la Comisi\u00f3n Nacional del Salario (CNS) se realiz\u00f3 ayer, en las instalaciones del Ministerio de Trabajo y Previsi\u00f3n Social (Mintrab). En el encuentro participaron representantes de los sectores trabajador, empleador y gubernamental que integran la Comisi\u00f3n. La viceministra de Previsi\u00f3n Social y Empleo del Mintrab, <strong>Geovanna Salazar<\/strong>, indic\u00f3 que durante la presentaci\u00f3n de la Organizaci\u00f3n Internacional del Trabajo (OIT) se abord\u00f3 la relaci\u00f3n de criterios que deben existir para la fijaci\u00f3n de los emolumentos, basados en experiencias de otros pa\u00edses. La funcionaria explic\u00f3 que estos di\u00e1logos son importantes para tomar una decisi\u00f3n adecuada y justa, que tomen en cuenta los argumentos internacionales existentes. Durante la disertaci\u00f3n, el representante de la OIT destac\u00f3 la importancia del an\u00e1lisis de elementos como el crecimiento econ\u00f3mico, la tasa de desempleo y la competitividad en la fijaci\u00f3n del salario m\u00ednimo, sin descuidar las buenas pr\u00e1cticas definidas en cuanto al balance social y econ\u00f3mico. (Diario de Centro Am\u00e9rica 30.05.22)<\/p>\n","protected":false},"excerpt":{"rendered":"<p>La segunda reuni\u00f3n de la Comisi\u00f3n Nacional del Salario (CNS) se realiz\u00f3 ayer, en las instalaciones del Ministerio de Trabajo y Previsi\u00f3n Social (Mintrab). En el encuentro participaron representantes de los sectores trabajador, empleador&#46;&#46;&#46;<\/p>\n","protected":false},"author":1,"featured_media":51074,"comment_status":"open","ping_status":"closed","sticky":false,"template":"","format":"standard","meta":{"footnotes":""},"categories":[49],"tags":[137,493,494],"class_list":["post-53239","post","type-post","status-publish","format-standard","has-post-thumbnail","hentry","category-poblacion-empleos-y-salarios","tag-cns","tag-mintrab","tag-oit"],"_links":{"self":[{"href":"https:\/\/copades.com\/monec\/index.php?rest_route=\/wp\/v2\/posts\/53239","targetHints":{"allow":["GET"]}}],"collection":[{"href":"https:\/\/copades.com\/monec\/index.php?rest_route=\/wp\/v2\/posts"}],"about":[{"href":"https:\/\/copades.com\/monec\/index.php?rest_route=\/wp\/v2\/types\/post"}],"author":[{"embeddable":true,"href":"https:\/\/copades.com\/monec\/index.php?rest_route=\/wp\/v2\/users\/1"}],"replies":[{"embeddable":true,"href":"https:\/\/copades.com\/monec\/index.php?rest_route=%2Fwp%2Fv2%2Fcomments&post=53239"}],"version-history":[{"count":1,"href":"https:\/\/copades.com\/monec\/index.php?rest_route=\/wp\/v2\/posts\/53239\/revisions"}],"predecessor-version":[{"id":53240,"href":"https:\/\/copades.com\/monec\/index.php?rest_route=\/wp\/v2\/posts\/53239\/revisions\/53240"}],"wp:featuredmedia":[{"embeddable":true,"href":"https:\/\/copades.com\/monec\/index.php?rest_route=\/wp\/v2\/media\/51074"}],"wp:attachment":[{"href":"https:\/\/copades.com\/monec\/index.php?rest_route=%2Fwp%2Fv2%2Fmedia&parent=53239"}],"wp:term":[{"taxonomy":"category","embeddable":true,"href":"https:\/\/copades.com\/monec\/index.php?rest_route=%2Fwp%2Fv2%2Fcategories&post=53239"},{"taxonomy":"post_tag","embeddable":true,"href":"https:\/\/copades.com\/monec\/index.php?rest_route=%2Fwp%2Fv2%2Ftags&post=53239"}],"curies":[{"name":"wp","href":"https:\/\/api.w.org\/{rel}","templated":true}]}}