{"id":53388,"date":"2022-06-08T13:04:23","date_gmt":"2022-06-08T19:04:23","guid":{"rendered":"https:\/\/copades.com\/monec\/?p=53388"},"modified":"2022-06-08T13:04:23","modified_gmt":"2022-06-08T19:04:23","slug":"plan-harris-traera-inversion-e-inclusion-financiera-a-guatemala","status":"publish","type":"post","link":"https:\/\/copades.com\/monec\/?p=53388","title":{"rendered":"Plan Harris traer\u00e1 inversi\u00f3n e inclusi\u00f3n financiera a Guatemala"},"content":{"rendered":"<p style=\"text-align: justify;\">El gobierno de <strong>Joe Biden<\/strong> y <strong>Kamala Harris<\/strong> desde el inicio de su gesti\u00f3n anunciaron su compromiso por combatir los problemas de ra\u00edz de la migraci\u00f3n. El monto se suma a otros compromisos adelantados hace algunos meses por la vicepresidenta de EE. UU., <strong>Kamala Harris<\/strong>, como forma de mostrar el compromiso del gobierno dem\u00f3crata. La industria de manufacturas, telecomunicaciones, becas e inclusi\u00f3n financiera son las \u00e1reas en las que se ampliar\u00e1 el programa de la vicepresidenta, que busca generar empleos en los pa\u00edses de Centroam\u00e9rica para enfrentar los problemas que causan la migraci\u00f3n. La Casa Blanca confirm\u00f3 ayer US$1.9 millardos en inversiones que realizar\u00e1n las empresas en respuesta al llamado que Harris hizo el a\u00f1o pasado para promover oportunidades en Guatemala, El Salvador y Honduras. En diciembre se anunciaron inversiones por US$1.2 millardos, lo que sumado a los nuevos compromisos se eleva a US$3.2 millardos. Para Guatemala se mencionan importantes compromisos de inversi\u00f3n; uno de ellos se concret\u00f3 la semana pasada por parte de la empresa <em>Yazaki North America<\/em>, que prev\u00e9 invertir US$10 millones en una f\u00e1brica que instalar\u00e1 en el pa\u00eds para producir competentes para la industria automotriz. Adicionalmente se dio a conocer que har\u00e1 una inversi\u00f3n de US$110 millones para generar m\u00e1s de 14 mil empleos en el pa\u00eds y El Salvador en los pr\u00f3ximos a\u00f1os. (El Peri\u00f3dico\/Prensa Libre 08.06.22)<\/p>\n","protected":false},"excerpt":{"rendered":"<p>El gobierno de Joe Biden y Kamala Harris desde el inicio de su gesti\u00f3n anunciaron su compromiso por combatir los problemas de ra\u00edz de la migraci\u00f3n. El monto se suma a otros compromisos adelantados&#46;&#46;&#46;<\/p>\n","protected":false},"author":1,"featured_media":49354,"comment_status":"open","ping_status":"closed","sticky":false,"template":"","format":"standard","meta":{"footnotes":""},"categories":[5,928],"tags":[2670,7307,7791],"class_list":["post-53388","post","type-post","status-publish","format-standard","has-post-thumbnail","hentry","category-actividad-productiva","category-inversion-extranjera-actividad-productiva","tag-joe-biden","tag-kamala-harris","tag-plan-harris"],"_links":{"self":[{"href":"https:\/\/copades.com\/monec\/index.php?rest_route=\/wp\/v2\/posts\/53388","targetHints":{"allow":["GET"]}}],"collection":[{"href":"https:\/\/copades.com\/monec\/index.php?rest_route=\/wp\/v2\/posts"}],"about":[{"href":"https:\/\/copades.com\/monec\/index.php?rest_route=\/wp\/v2\/types\/post"}],"author":[{"embeddable":true,"href":"https:\/\/copades.com\/monec\/index.php?rest_route=\/wp\/v2\/users\/1"}],"replies":[{"embeddable":true,"href":"https:\/\/copades.com\/monec\/index.php?rest_route=%2Fwp%2Fv2%2Fcomments&post=53388"}],"version-history":[{"count":1,"href":"https:\/\/copades.com\/monec\/index.php?rest_route=\/wp\/v2\/posts\/53388\/revisions"}],"predecessor-version":[{"id":53389,"href":"https:\/\/copades.com\/monec\/index.php?rest_route=\/wp\/v2\/posts\/53388\/revisions\/53389"}],"wp:featuredmedia":[{"embeddable":true,"href":"https:\/\/copades.com\/monec\/index.php?rest_route=\/wp\/v2\/media\/49354"}],"wp:attachment":[{"href":"https:\/\/copades.com\/monec\/index.php?rest_route=%2Fwp%2Fv2%2Fmedia&parent=53388"}],"wp:term":[{"taxonomy":"category","embeddable":true,"href":"https:\/\/copades.com\/monec\/index.php?rest_route=%2Fwp%2Fv2%2Fcategories&post=53388"},{"taxonomy":"post_tag","embeddable":true,"href":"https:\/\/copades.com\/monec\/index.php?rest_route=%2Fwp%2Fv2%2Ftags&post=53388"}],"curies":[{"name":"wp","href":"https:\/\/api.w.org\/{rel}","templated":true}]}}