{"id":53497,"date":"2022-06-16T13:43:55","date_gmt":"2022-06-16T19:43:55","guid":{"rendered":"https:\/\/copades.com\/monec\/?p=53497"},"modified":"2022-06-20T13:46:13","modified_gmt":"2022-06-20T19:46:13","slug":"integro-invertira-q150-millones-en-totonicapan","status":"publish","type":"post","link":"https:\/\/copades.com\/monec\/?p=53497","title":{"rendered":"\u00cdntegro invertir\u00e1 Q150 millones en Totonicap\u00e1n"},"content":{"rendered":"<p style=\"text-align: justify;\">Los Altos de Totonicap\u00e1n es el nuevo centro comercial que la desarrolladora y operadora inmobiliaria \u00cdntegro construir\u00e1 con una inversi\u00f3n de alrededor de Q150 millones. Este jueves est\u00e1 previsto colocar la primera piedra para ser inaugurado en el tercer trimestre de 2023, afirm\u00f3 <strong>Jorge Mario Figueroa<\/strong>, director general de \u00cdntegro. Ubicado en el kil\u00f3metro 200 de la Ruta Nacional 1 en el municipio de Totonicap\u00e1n, el nuevo centro comercial abarcar\u00e1 27 mil metros cuadrados de construcci\u00f3n de los cuales 13 mil metros cuadrados ser\u00e1n de \u00e1rea rentable. Adem\u00e1s, contar\u00e1 con 300 parqueos y un tercer nivel con salones sociales. El directivo coment\u00f3 que ya cuentan con anclas comerciales como el supermercado La Torre, una plaza financiera y \u00e1rea de restaurantes. \u201cEs un concept o innovador para la zona debido a que mucho del comercio formal se desarrolla en Xela y queremos acercar a nuestros socios comerciales a este municipio. Esperamos beneficiar alrededor de 4 mil personas en el \u00e1rea\u201d, dijo Figueroa. La desarrolladora proyecta una segunda fase en un terreno aleda\u00f1o al centro comercial en donde ampliar\u00e1n la parte comercial con 8 mil metros cuadrados de comercios independientes. Adem\u00e1s, eval\u00faa la construcci\u00f3n de uno de sus hoteles. (El Peri\u00f3dico 16.06.22)<\/p>\n","protected":false},"excerpt":{"rendered":"<p>Los Altos de Totonicap\u00e1n es el nuevo centro comercial que la desarrolladora y operadora inmobiliaria \u00cdntegro construir\u00e1 con una inversi\u00f3n de alrededor de Q150 millones. Este jueves est\u00e1 previsto colocar la primera piedra para&#46;&#46;&#46;<\/p>\n","protected":false},"author":1,"featured_media":49081,"comment_status":"open","ping_status":"closed","sticky":false,"template":"","format":"standard","meta":{"footnotes":""},"categories":[45],"tags":[7797,7798],"class_list":["post-53497","post","type-post","status-publish","format-standard","has-post-thumbnail","hentry","category-desarrollo-rural","tag-integro","tag-totonicapan"],"_links":{"self":[{"href":"https:\/\/copades.com\/monec\/index.php?rest_route=\/wp\/v2\/posts\/53497","targetHints":{"allow":["GET"]}}],"collection":[{"href":"https:\/\/copades.com\/monec\/index.php?rest_route=\/wp\/v2\/posts"}],"about":[{"href":"https:\/\/copades.com\/monec\/index.php?rest_route=\/wp\/v2\/types\/post"}],"author":[{"embeddable":true,"href":"https:\/\/copades.com\/monec\/index.php?rest_route=\/wp\/v2\/users\/1"}],"replies":[{"embeddable":true,"href":"https:\/\/copades.com\/monec\/index.php?rest_route=%2Fwp%2Fv2%2Fcomments&post=53497"}],"version-history":[{"count":1,"href":"https:\/\/copades.com\/monec\/index.php?rest_route=\/wp\/v2\/posts\/53497\/revisions"}],"predecessor-version":[{"id":53498,"href":"https:\/\/copades.com\/monec\/index.php?rest_route=\/wp\/v2\/posts\/53497\/revisions\/53498"}],"wp:featuredmedia":[{"embeddable":true,"href":"https:\/\/copades.com\/monec\/index.php?rest_route=\/wp\/v2\/media\/49081"}],"wp:attachment":[{"href":"https:\/\/copades.com\/monec\/index.php?rest_route=%2Fwp%2Fv2%2Fmedia&parent=53497"}],"wp:term":[{"taxonomy":"category","embeddable":true,"href":"https:\/\/copades.com\/monec\/index.php?rest_route=%2Fwp%2Fv2%2Fcategories&post=53497"},{"taxonomy":"post_tag","embeddable":true,"href":"https:\/\/copades.com\/monec\/index.php?rest_route=%2Fwp%2Fv2%2Ftags&post=53497"}],"curies":[{"name":"wp","href":"https:\/\/api.w.org\/{rel}","templated":true}]}}