{"id":53722,"date":"2022-06-30T13:03:22","date_gmt":"2022-06-30T19:03:22","guid":{"rendered":"https:\/\/copades.com\/monec\/?p=53722"},"modified":"2022-07-01T13:06:07","modified_gmt":"2022-07-01T19:06:07","slug":"precios-de-granos-seguiran-al-alza","status":"publish","type":"post","link":"https:\/\/copades.com\/monec\/?p=53722","title":{"rendered":"Precios de granos seguir\u00e1n al alza"},"content":{"rendered":"<p style=\"text-align: justify;\">El informe mensual de indicadores y precios al mayorista y detallista emitido por el Ministerio de Agricultura, Ganader\u00eda y Alimentaci\u00f3n (MAGA) muestra una variaci\u00f3n entre el 14 y 38 por ciento en los precios, comparado con mayo de 2022 y 2021. Para contrarrestar el impacto del alza de los precios, <strong>Gustavo Rivas<\/strong>, secretario de la Asociaci\u00f3n Nacional de Granos B\u00e1sicos (Anagrab), pide a las autoridades aplicar \u201cestrategias viables\u201d para el productor comercial y de autoconsumo debido a que la tendencia en los precios continuar\u00e1 increment\u00e1ndose si los insumos presentan el mismo ritmo. Semillas de alto rendimiento y acceso a financiamiento con intereses bajos son algunas de las \u201cestrategias viables\u201d que visualizan desde Anagrab. Seg\u00fan datos de Anagrab, para la temporada 2021\/ 2022 se hab\u00eda pronosticado una siembra en promedio de 1 mill\u00f3n 350 mil manzanas, de las cuales 230 mil (20 millones 700 mil quintales) son destinadas al comercio. Y para autoconsumo estiman unas 918 mil 562 manzanas (22 millones 45 mil 560 quintales). En el caso del ma\u00edz, Rivas coment\u00f3 que hab\u00edan previsto una reducci\u00f3n del 30 por ciento de la siembra debido al incremento de los insumos entre ellos los fertilizantes. Sin embargo, aument\u00f3 un 15 por ciento porque el precio de venta subi\u00f3. \u201cTenemos un \u00e1rea aproximada de siembra de granos de 1 mill\u00f3n 300 mil manzanas de ma\u00edz. Sin tomar en cuenta las p\u00e9rdidas por las lluvias\u201d, agreg\u00f3. (El Peri\u00f3dico 30.06.22)<\/p>\n","protected":false},"excerpt":{"rendered":"<p>El informe mensual de indicadores y precios al mayorista y detallista emitido por el Ministerio de Agricultura, Ganader\u00eda y Alimentaci\u00f3n (MAGA) muestra una variaci\u00f3n entre el 14 y 38 por ciento en los precios,&#46;&#46;&#46;<\/p>\n","protected":false},"author":1,"featured_media":51228,"comment_status":"open","ping_status":"closed","sticky":false,"template":"","format":"standard","meta":{"footnotes":""},"categories":[24,1983],"tags":[5731,289],"class_list":["post-53722","post","type-post","status-publish","format-standard","has-post-thumbnail","hentry","category-comercio-exterior","category-commodities","tag-anagrab","tag-maga"],"_links":{"self":[{"href":"https:\/\/copades.com\/monec\/index.php?rest_route=\/wp\/v2\/posts\/53722","targetHints":{"allow":["GET"]}}],"collection":[{"href":"https:\/\/copades.com\/monec\/index.php?rest_route=\/wp\/v2\/posts"}],"about":[{"href":"https:\/\/copades.com\/monec\/index.php?rest_route=\/wp\/v2\/types\/post"}],"author":[{"embeddable":true,"href":"https:\/\/copades.com\/monec\/index.php?rest_route=\/wp\/v2\/users\/1"}],"replies":[{"embeddable":true,"href":"https:\/\/copades.com\/monec\/index.php?rest_route=%2Fwp%2Fv2%2Fcomments&post=53722"}],"version-history":[{"count":1,"href":"https:\/\/copades.com\/monec\/index.php?rest_route=\/wp\/v2\/posts\/53722\/revisions"}],"predecessor-version":[{"id":53723,"href":"https:\/\/copades.com\/monec\/index.php?rest_route=\/wp\/v2\/posts\/53722\/revisions\/53723"}],"wp:featuredmedia":[{"embeddable":true,"href":"https:\/\/copades.com\/monec\/index.php?rest_route=\/wp\/v2\/media\/51228"}],"wp:attachment":[{"href":"https:\/\/copades.com\/monec\/index.php?rest_route=%2Fwp%2Fv2%2Fmedia&parent=53722"}],"wp:term":[{"taxonomy":"category","embeddable":true,"href":"https:\/\/copades.com\/monec\/index.php?rest_route=%2Fwp%2Fv2%2Fcategories&post=53722"},{"taxonomy":"post_tag","embeddable":true,"href":"https:\/\/copades.com\/monec\/index.php?rest_route=%2Fwp%2Fv2%2Ftags&post=53722"}],"curies":[{"name":"wp","href":"https:\/\/api.w.org\/{rel}","templated":true}]}}