{"id":53728,"date":"2022-06-30T13:13:06","date_gmt":"2022-06-30T19:13:06","guid":{"rendered":"https:\/\/copades.com\/monec\/?p=53728"},"modified":"2022-07-01T13:14:41","modified_gmt":"2022-07-01T19:14:41","slug":"visa-acelera-la-digitalizacion-de-las-mipymes-guatemaltecas","status":"publish","type":"post","link":"https:\/\/copades.com\/monec\/?p=53728","title":{"rendered":"Visa acelera la digitalizaci\u00f3n de las mipymes guatemaltecas"},"content":{"rendered":"<p style=\"text-align: justify;\">Para 2023, Visa se plante\u00f3 como objetivo habilitar digitalmente a 50 millones de peque\u00f1as empresas. En el marco de este objetivo, la compa\u00f1\u00eda anunci\u00f3 ayer que intensificar\u00e1 la implementaci\u00f3n de programas, recursos y soluciones en Latinoam\u00e9rica y el Caribe. En el caso de Guatemala ser\u00e1n beneficiadas alrededor de 5 mil micro y peque\u00f1as empresas a trav\u00e9s de la plataforma ENKO. Seg\u00fan un estudio de Visa, cerca de la mitad de este segmento de las empresas formales todav\u00eda no aceptan pagos electr\u00f3nicos. <strong>Ana Vasconcellos,<\/strong> l\u00edder de aceptaci\u00f3n y PyMES para Visa en Am\u00e9rica Latina y el Caribe, coment\u00f3 que esto representa una oportunidad para cerrar las brechas tecnol\u00f3gicas y fomentar la inclusi\u00f3n financiera. \u201cEn Visa nos hemos comprometido a trabajar a la par de millones de comercios para darles acceso a soluciones de pago digital seguras, convenientes y asequibles, y brindarles herramientas de educaci\u00f3n financiera que les permitan crecer y facilitar sus operaciones\u201d, dijo Vasconcellos. Para cumplir con la meta, la compa\u00f1\u00eda de pagos se centra en cuatro \u00e1reas: alianzas p\u00fablico privadas, herramientas en l\u00ednea y educativas, soluciones innovadoras personalizadas y el empoderamiento de las empresas en el comercio electr\u00f3nico. En Guatemala, cerca de 5 mil micro y peque\u00f1as empresas trabajar\u00e1n por medio de ENKO. (El Peri\u00f3dico 30.06.22)<\/p>\n","protected":false},"excerpt":{"rendered":"<p>Para 2023, Visa se plante\u00f3 como objetivo habilitar digitalmente a 50 millones de peque\u00f1as empresas. En el marco de este objetivo, la compa\u00f1\u00eda anunci\u00f3 ayer que intensificar\u00e1 la implementaci\u00f3n de programas, recursos y soluciones&#46;&#46;&#46;<\/p>\n","protected":false},"author":1,"featured_media":48270,"comment_status":"open","ping_status":"closed","sticky":false,"template":"","format":"standard","meta":{"footnotes":""},"categories":[5,20],"tags":[1925,453],"class_list":["post-53728","post","type-post","status-publish","format-standard","has-post-thumbnail","hentry","category-actividad-productiva","category-mipymes","tag-pymes","tag-visa"],"_links":{"self":[{"href":"https:\/\/copades.com\/monec\/index.php?rest_route=\/wp\/v2\/posts\/53728","targetHints":{"allow":["GET"]}}],"collection":[{"href":"https:\/\/copades.com\/monec\/index.php?rest_route=\/wp\/v2\/posts"}],"about":[{"href":"https:\/\/copades.com\/monec\/index.php?rest_route=\/wp\/v2\/types\/post"}],"author":[{"embeddable":true,"href":"https:\/\/copades.com\/monec\/index.php?rest_route=\/wp\/v2\/users\/1"}],"replies":[{"embeddable":true,"href":"https:\/\/copades.com\/monec\/index.php?rest_route=%2Fwp%2Fv2%2Fcomments&post=53728"}],"version-history":[{"count":1,"href":"https:\/\/copades.com\/monec\/index.php?rest_route=\/wp\/v2\/posts\/53728\/revisions"}],"predecessor-version":[{"id":53729,"href":"https:\/\/copades.com\/monec\/index.php?rest_route=\/wp\/v2\/posts\/53728\/revisions\/53729"}],"wp:featuredmedia":[{"embeddable":true,"href":"https:\/\/copades.com\/monec\/index.php?rest_route=\/wp\/v2\/media\/48270"}],"wp:attachment":[{"href":"https:\/\/copades.com\/monec\/index.php?rest_route=%2Fwp%2Fv2%2Fmedia&parent=53728"}],"wp:term":[{"taxonomy":"category","embeddable":true,"href":"https:\/\/copades.com\/monec\/index.php?rest_route=%2Fwp%2Fv2%2Fcategories&post=53728"},{"taxonomy":"post_tag","embeddable":true,"href":"https:\/\/copades.com\/monec\/index.php?rest_route=%2Fwp%2Fv2%2Ftags&post=53728"}],"curies":[{"name":"wp","href":"https:\/\/api.w.org\/{rel}","templated":true}]}}