{"id":53864,"date":"2022-07-12T14:41:08","date_gmt":"2022-07-12T20:41:08","guid":{"rendered":"https:\/\/copades.com\/monec\/?p=53864"},"modified":"2022-07-13T14:47:47","modified_gmt":"2022-07-13T20:47:47","slug":"crece-intercambio-comercial-con-taiwan","status":"publish","type":"post","link":"https:\/\/copades.com\/monec\/?p=53864","title":{"rendered":"Crece intercambio comercial con Taiw\u00e1n"},"content":{"rendered":"<p style=\"text-align: justify;\">En el marco de la Sexta Reuni\u00f3n de comit\u00e9s empresariales conjuntos Taiw\u00e1n-Guatemala, el vicepresidente del Comit\u00e9 Coordinador de Asociaciones Agr\u00edcolas, Comerciales, Industriales y Financieras (Cacif), Luis Fernando Leal, destac\u00f3 que las exportaciones hacia ese pa\u00eds asi\u00e1tico se han cuadruplicado, a 16 a\u00f1os de la entrada en vigencia del Tratado de Libre Comercio, las cuales pasaron de US $13.6 millones a US $68 millones. Asimismo, las importaciones del pa\u00eds desde Taiw\u00e1n subieron de US $141 millones a US $231 millones, en ese mismo per\u00edodo, lo que se traduce en un crecimiento del 63 por ciento, a\u00f1adi\u00f3 Leal. En la actividad, el titular del Ministerio de Econom\u00eda, Janio Rosales, record\u00f3 que se tuvo un primer acercamiento el pasado viernes, cuando se expuso el plan econ\u00f3mico y las distintas razones para invertir en el pa\u00eds, y detall\u00f3 que los empresarios conforman los sectores de industria, tecnolog\u00eda, agr\u00edcola y transporte. En tanto, el embajador taiwan\u00e9s, <strong>Li-cheng Cheng<\/strong>, resalt\u00f3 que los intercambios comerciales entre ambas naciones no se vieron afectados durante la pandemia; tanto as\u00ed que el territorio nacional logr\u00f3 un crecimiento del 15 por ciento en ese lapso. (Diario de Centro Am\u00e9rica 12.07.22)<\/p>\n","protected":false},"excerpt":{"rendered":"<p>En el marco de la Sexta Reuni\u00f3n de comit\u00e9s empresariales conjuntos Taiw\u00e1n-Guatemala, el vicepresidente del Comit\u00e9 Coordinador de Asociaciones Agr\u00edcolas, Comerciales, Industriales y Financieras (Cacif), Luis Fernando Leal, destac\u00f3 que las exportaciones hacia ese&#46;&#46;&#46;<\/p>\n","protected":false},"author":1,"featured_media":47863,"comment_status":"open","ping_status":"closed","sticky":false,"template":"","format":"standard","meta":{"footnotes":""},"categories":[25,24],"tags":[250,168],"class_list":["post-53864","post","type-post","status-publish","format-standard","has-post-thumbnail","hentry","category-comercio-exterior-3","category-comercio-exterior","tag-cacif","tag-taiwan"],"_links":{"self":[{"href":"https:\/\/copades.com\/monec\/index.php?rest_route=\/wp\/v2\/posts\/53864","targetHints":{"allow":["GET"]}}],"collection":[{"href":"https:\/\/copades.com\/monec\/index.php?rest_route=\/wp\/v2\/posts"}],"about":[{"href":"https:\/\/copades.com\/monec\/index.php?rest_route=\/wp\/v2\/types\/post"}],"author":[{"embeddable":true,"href":"https:\/\/copades.com\/monec\/index.php?rest_route=\/wp\/v2\/users\/1"}],"replies":[{"embeddable":true,"href":"https:\/\/copades.com\/monec\/index.php?rest_route=%2Fwp%2Fv2%2Fcomments&post=53864"}],"version-history":[{"count":1,"href":"https:\/\/copades.com\/monec\/index.php?rest_route=\/wp\/v2\/posts\/53864\/revisions"}],"predecessor-version":[{"id":53865,"href":"https:\/\/copades.com\/monec\/index.php?rest_route=\/wp\/v2\/posts\/53864\/revisions\/53865"}],"wp:featuredmedia":[{"embeddable":true,"href":"https:\/\/copades.com\/monec\/index.php?rest_route=\/wp\/v2\/media\/47863"}],"wp:attachment":[{"href":"https:\/\/copades.com\/monec\/index.php?rest_route=%2Fwp%2Fv2%2Fmedia&parent=53864"}],"wp:term":[{"taxonomy":"category","embeddable":true,"href":"https:\/\/copades.com\/monec\/index.php?rest_route=%2Fwp%2Fv2%2Fcategories&post=53864"},{"taxonomy":"post_tag","embeddable":true,"href":"https:\/\/copades.com\/monec\/index.php?rest_route=%2Fwp%2Fv2%2Ftags&post=53864"}],"curies":[{"name":"wp","href":"https:\/\/api.w.org\/{rel}","templated":true}]}}