{"id":53888,"date":"2022-07-13T15:19:03","date_gmt":"2022-07-13T21:19:03","guid":{"rendered":"https:\/\/copades.com\/monec\/?p=53888"},"modified":"2022-07-13T15:19:03","modified_gmt":"2022-07-13T21:19:03","slug":"empleo-a-tiempo-parcial-sin-igss","status":"publish","type":"post","link":"https:\/\/copades.com\/monec\/?p=53888","title":{"rendered":"Empleo a tiempo parcial, sin IGSS"},"content":{"rendered":"<p style=\"text-align: justify;\">El 15 de julio del 2021, la Corte de Constitucionalidad (CC) emiti\u00f3 sentencia y revoc\u00f3 la suspensi\u00f3n provisional del reglamento contenido en el Acuerdo Gubernativo 89-2019, que hab\u00eda dispuesto en octubre del 2019. Con esa decisi\u00f3n, se gener\u00f3 certeza para realizar ese tipo de contrataciones, afirm\u00f3 el sector privado en esa oportunidad. Sin embargo, hoy se enfrenta al obst\u00e1culo de que no se puede incluir en la n\u00f3mina de afiliados al seguro social a los trabajadores bajo esa modalidad y solo es posible incluir en el sistema de planilla a empleados con una remuneraci\u00f3n igual o mayor al salario m\u00ednimo mensual vigente en el pa\u00eds. As\u00ed lo exponen <strong>Guido Ricci<\/strong>, integrante de la Comisi\u00f3n Laboral del Comit\u00e9 Coordinador de Asociaciones Agr\u00edcolas, Comerciales, Industriales y Financieras (Cacif), y <strong>Alejandro Ceballos<\/strong>, vicepresidente de la Comisi\u00f3n de Vestuario y Textiles (Vestex). Ricci dijo que el tema de la contrataci\u00f3n de tiempo parcial los ocupa desde hace mucho tiempo y se han ido superando dificultades, por lo que en la actualidad ya no se cuestiona la legalidad (luego de la sentencia de la CC), pero consideran importante \u201cvencer el \u00faltimo valladar y la forma de inscribir los trabajadores o c\u00f3mo se manejar\u00e1 el tema\u201d por lo que han tenido acercamientos con autoridades para exponerles sus inquietudes, aparte de plantearles soluciones. El mismo Convenio 175 de la Organizaci\u00f3n Internacional del Trabajo (OIT), donde se establece esa modalidad de contrataci\u00f3n, contiene propuestas para tratar el tema de la seguridad social, explic\u00f3. Por ejemplo, dejar de dar alguna cobertura, fijar m\u00ednimos o prestar servicios proporcionales, aunque se entiende que no en todos los casos se puede brindar un servicio de forma parcial. (Prensa Libre 13.07.22)<\/p>\n","protected":false},"excerpt":{"rendered":"<p>El 15 de julio del 2021, la Corte de Constitucionalidad (CC) emiti\u00f3 sentencia y revoc\u00f3 la suspensi\u00f3n provisional del reglamento contenido en el Acuerdo Gubernativo 89-2019, que hab\u00eda dispuesto en octubre del 2019. Con&#46;&#46;&#46;<\/p>\n","protected":false},"author":1,"featured_media":51526,"comment_status":"open","ping_status":"closed","sticky":false,"template":"","format":"standard","meta":{"footnotes":""},"categories":[49],"tags":[250,789,227],"class_list":["post-53888","post","type-post","status-publish","format-standard","has-post-thumbnail","hentry","category-poblacion-empleos-y-salarios","tag-cacif","tag-cc","tag-vestex"],"_links":{"self":[{"href":"https:\/\/copades.com\/monec\/index.php?rest_route=\/wp\/v2\/posts\/53888","targetHints":{"allow":["GET"]}}],"collection":[{"href":"https:\/\/copades.com\/monec\/index.php?rest_route=\/wp\/v2\/posts"}],"about":[{"href":"https:\/\/copades.com\/monec\/index.php?rest_route=\/wp\/v2\/types\/post"}],"author":[{"embeddable":true,"href":"https:\/\/copades.com\/monec\/index.php?rest_route=\/wp\/v2\/users\/1"}],"replies":[{"embeddable":true,"href":"https:\/\/copades.com\/monec\/index.php?rest_route=%2Fwp%2Fv2%2Fcomments&post=53888"}],"version-history":[{"count":1,"href":"https:\/\/copades.com\/monec\/index.php?rest_route=\/wp\/v2\/posts\/53888\/revisions"}],"predecessor-version":[{"id":53889,"href":"https:\/\/copades.com\/monec\/index.php?rest_route=\/wp\/v2\/posts\/53888\/revisions\/53889"}],"wp:featuredmedia":[{"embeddable":true,"href":"https:\/\/copades.com\/monec\/index.php?rest_route=\/wp\/v2\/media\/51526"}],"wp:attachment":[{"href":"https:\/\/copades.com\/monec\/index.php?rest_route=%2Fwp%2Fv2%2Fmedia&parent=53888"}],"wp:term":[{"taxonomy":"category","embeddable":true,"href":"https:\/\/copades.com\/monec\/index.php?rest_route=%2Fwp%2Fv2%2Fcategories&post=53888"},{"taxonomy":"post_tag","embeddable":true,"href":"https:\/\/copades.com\/monec\/index.php?rest_route=%2Fwp%2Fv2%2Ftags&post=53888"}],"curies":[{"name":"wp","href":"https:\/\/api.w.org\/{rel}","templated":true}]}}