{"id":53987,"date":"2022-07-20T13:37:09","date_gmt":"2022-07-20T19:37:09","guid":{"rendered":"https:\/\/copades.com\/monec\/?p=53987"},"modified":"2022-07-21T13:39:25","modified_gmt":"2022-07-21T19:39:25","slug":"guatemala-y-costa-rica-firman-acuerdo","status":"publish","type":"post","link":"https:\/\/copades.com\/monec\/?p=53987","title":{"rendered":"Guatemala y Costa Rica firman acuerdo"},"content":{"rendered":"<p style=\"text-align: justify;\">Los gobiernos de Guatemala y Costa Rica firmaron el Acuerdo Marco de Cooperaci\u00f3n T\u00e9cnica y Cient\u00edfica. Seg\u00fan las autoridades costarricenses, la iniciativa permitir\u00e1 ejecutar con mayor facilidad programas y proyectos relacionados con pol\u00edticas p\u00fablicas, derechos humanos, protecci\u00f3n del medio ambiente y promoci\u00f3n de la cultura y el arte, para el beneficio de ambos pa\u00edses y en especial para los grupos m\u00e1s necesitados y excluidos. Las conversaciones relacionadas al instrumento de cooperaci\u00f3n iniciaron en 2008 y el Congreso de Guatemala lo aprob\u00f3 en 2018, mediante el Decreto Legislativo 05-2018. (El Peri\u00f3dico 20.07.22)<\/p>\n","protected":false},"excerpt":{"rendered":"<p>Los gobiernos de Guatemala y Costa Rica firmaron el Acuerdo Marco de Cooperaci\u00f3n T\u00e9cnica y Cient\u00edfica. Seg\u00fan las autoridades costarricenses, la iniciativa permitir\u00e1 ejecutar con mayor facilidad programas y proyectos relacionados con pol\u00edticas p\u00fablicas,&#46;&#46;&#46;<\/p>\n","protected":false},"author":1,"featured_media":52195,"comment_status":"open","ping_status":"closed","sticky":false,"template":"","format":"standard","meta":{"footnotes":""},"categories":[47],"tags":[94,85],"class_list":["post-53987","post","type-post","status-publish","format-standard","has-post-thumbnail","hentry","category-integracion-centroamericana","tag-costa-rica","tag-guatemala"],"_links":{"self":[{"href":"https:\/\/copades.com\/monec\/index.php?rest_route=\/wp\/v2\/posts\/53987","targetHints":{"allow":["GET"]}}],"collection":[{"href":"https:\/\/copades.com\/monec\/index.php?rest_route=\/wp\/v2\/posts"}],"about":[{"href":"https:\/\/copades.com\/monec\/index.php?rest_route=\/wp\/v2\/types\/post"}],"author":[{"embeddable":true,"href":"https:\/\/copades.com\/monec\/index.php?rest_route=\/wp\/v2\/users\/1"}],"replies":[{"embeddable":true,"href":"https:\/\/copades.com\/monec\/index.php?rest_route=%2Fwp%2Fv2%2Fcomments&post=53987"}],"version-history":[{"count":1,"href":"https:\/\/copades.com\/monec\/index.php?rest_route=\/wp\/v2\/posts\/53987\/revisions"}],"predecessor-version":[{"id":53988,"href":"https:\/\/copades.com\/monec\/index.php?rest_route=\/wp\/v2\/posts\/53987\/revisions\/53988"}],"wp:featuredmedia":[{"embeddable":true,"href":"https:\/\/copades.com\/monec\/index.php?rest_route=\/wp\/v2\/media\/52195"}],"wp:attachment":[{"href":"https:\/\/copades.com\/monec\/index.php?rest_route=%2Fwp%2Fv2%2Fmedia&parent=53987"}],"wp:term":[{"taxonomy":"category","embeddable":true,"href":"https:\/\/copades.com\/monec\/index.php?rest_route=%2Fwp%2Fv2%2Fcategories&post=53987"},{"taxonomy":"post_tag","embeddable":true,"href":"https:\/\/copades.com\/monec\/index.php?rest_route=%2Fwp%2Fv2%2Ftags&post=53987"}],"curies":[{"name":"wp","href":"https:\/\/api.w.org\/{rel}","templated":true}]}}