{"id":54030,"date":"2022-07-22T14:09:39","date_gmt":"2022-07-22T20:09:39","guid":{"rendered":"https:\/\/copades.com\/monec\/?p=54030"},"modified":"2022-07-25T14:15:45","modified_gmt":"2022-07-25T20:15:45","slug":"concluye-fase-de-preconsulta","status":"publish","type":"post","link":"https:\/\/copades.com\/monec\/?p=54030","title":{"rendered":"Concluye fase de preconsulta"},"content":{"rendered":"<p style=\"text-align: justify;\">Despu\u00e9s de ocho reuniones, esta semana concluy\u00f3 la primera fase de consulta al pueblo Xinca por el derecho minero El Escobal, ubicado en San Rafael Las Flores, Santa Rosa. Las actividades se llevan a cabo dentro del proceso de consulta a las comunidades ind\u00edgenas ordenado por la Corte de Constitucionalidad (CC) en el 2018, con base en el convenio 169 de la Organizaci\u00f3n Internacional de Trabajo (OIT). La licencia minera fue suspendida en julio del 2017, ya que el Estado no realiz\u00f3 la consulta para autorizarla, argumentando que no exist\u00eda poblaci\u00f3n ind\u00edgena en el \u00e1rea de influencia del proyecto. La segunda fase iniciar\u00e1 en las pr\u00f3ximas semanas para llegar a la firma de acuerdos en febrero del 2023, dijo el viceministro de Desarrollo Socia del Ministerio de Energ\u00eda y Minas (MEM), <strong>\u00d3scar P\u00e9rez<\/strong>. \u00a0Durante esta, el pueblo Xinca va a recibir toda la informaci\u00f3n del proyecto y ser\u00e1 analizada por los expertos de confianza que ellos contrataron, para luego trasladarla a las comunidades, agreg\u00f3 el ministro <strong>Alberto Pimentel.<\/strong> Dentro de ese proceso se llev\u00f3 a cabo un estudio de percepciones del impacto cultural y espiritual del proyecto minero El Escobal en el pueblo xinca, dirigido por la antrop\u00f3loga <strong>Claudia Dary<\/strong>, quien fue asignada en mayo del 2021 por el Parlamento del Pueblo Xinca de Guatemala. Directivos de esa entidad, como el presidente <strong>Aleisar Arana<\/strong> y el jefe <strong>Herlindo Alviz\u00farez<\/strong>, mencionaron que la consulta es un derecho de los pueblos ind\u00edgenas y es vital que sea informada y libre, sin presiones para tomar decisiones. (Prensa Libre 22.07.22)<\/p>\n","protected":false},"excerpt":{"rendered":"<p>Despu\u00e9s de ocho reuniones, esta semana concluy\u00f3 la primera fase de consulta al pueblo Xinca por el derecho minero El Escobal, ubicado en San Rafael Las Flores, Santa Rosa. Las actividades se llevan a&#46;&#46;&#46;<\/p>\n","protected":false},"author":1,"featured_media":48391,"comment_status":"open","ping_status":"closed","sticky":false,"template":"","format":"standard","meta":{"footnotes":""},"categories":[5,19],"tags":[789,105,494],"class_list":["post-54030","post","type-post","status-publish","format-standard","has-post-thumbnail","hentry","category-actividad-productiva","category-minas-y-canteras","tag-cc","tag-mem","tag-oit"],"_links":{"self":[{"href":"https:\/\/copades.com\/monec\/index.php?rest_route=\/wp\/v2\/posts\/54030","targetHints":{"allow":["GET"]}}],"collection":[{"href":"https:\/\/copades.com\/monec\/index.php?rest_route=\/wp\/v2\/posts"}],"about":[{"href":"https:\/\/copades.com\/monec\/index.php?rest_route=\/wp\/v2\/types\/post"}],"author":[{"embeddable":true,"href":"https:\/\/copades.com\/monec\/index.php?rest_route=\/wp\/v2\/users\/1"}],"replies":[{"embeddable":true,"href":"https:\/\/copades.com\/monec\/index.php?rest_route=%2Fwp%2Fv2%2Fcomments&post=54030"}],"version-history":[{"count":1,"href":"https:\/\/copades.com\/monec\/index.php?rest_route=\/wp\/v2\/posts\/54030\/revisions"}],"predecessor-version":[{"id":54031,"href":"https:\/\/copades.com\/monec\/index.php?rest_route=\/wp\/v2\/posts\/54030\/revisions\/54031"}],"wp:featuredmedia":[{"embeddable":true,"href":"https:\/\/copades.com\/monec\/index.php?rest_route=\/wp\/v2\/media\/48391"}],"wp:attachment":[{"href":"https:\/\/copades.com\/monec\/index.php?rest_route=%2Fwp%2Fv2%2Fmedia&parent=54030"}],"wp:term":[{"taxonomy":"category","embeddable":true,"href":"https:\/\/copades.com\/monec\/index.php?rest_route=%2Fwp%2Fv2%2Fcategories&post=54030"},{"taxonomy":"post_tag","embeddable":true,"href":"https:\/\/copades.com\/monec\/index.php?rest_route=%2Fwp%2Fv2%2Ftags&post=54030"}],"curies":[{"name":"wp","href":"https:\/\/api.w.org\/{rel}","templated":true}]}}