{"id":54032,"date":"2022-07-22T14:19:26","date_gmt":"2022-07-22T20:19:26","guid":{"rendered":"https:\/\/copades.com\/monec\/?p=54032"},"modified":"2022-07-25T14:20:48","modified_gmt":"2022-07-25T20:20:48","slug":"igss-hace-propuesta-para-tiempo-parcial","status":"publish","type":"post","link":"https:\/\/copades.com\/monec\/?p=54032","title":{"rendered":"IGSS hace propuesta para tiempo parcial"},"content":{"rendered":"<p style=\"text-align: justify;\">El Comit\u00e9 Coordinador de Asociaciones Agr\u00edcolas, Comerciales, Industriales y Financieras (Cacif), y la Asociaci\u00f3n Guatemalteca de Exportadores (Agexport) recibieron una propuesta del Instituto Guatemalteco de Seguridad Social (IGSS) relacionada con los empleados contratados a tiempo parcial. Seg\u00fan <strong>Hermann Gir\u00f3n<\/strong>, presidente del Cacif, y <strong>Alejandro Ceballos<\/strong>, vicepresidente del sector Vestuario y Textiles de Agexport, la primera parte est\u00e1 de acuerdo con la original que los empresarios hab\u00edan presentado en febrero al gobierno y al seguro social, la cual consiste en que el patrono cotice sobre el 100% del salario m\u00ednimo vigente. Es decir que tendr\u00eda que pagar complementos de la cuota patronal y de la cuota laboral, como si el trabajador estuviera laborando en tiempo completo. El sector empresarial se\u00f1al\u00f3 la semana pasada que entre 20 mil y 25 mil trabajadores de tiempo parcial no han sido aceptados como afiliados. La segunda parte de la propuesta del IGSS es que la incorporaci\u00f3n de los afiliados contratados en esa modalidad, sea en forma escalonada por un plazo de 12 meses, agreg\u00f3 Ceballos. Sin embargo, los empresarios no est\u00e1n de acuerdo. Aunque Gir\u00f3n evit\u00f3 comentar detalles de lo presentado por el IGSS porque a\u00fan no ha sido aprobado, indic\u00f3 que esta se trata de una implementaci\u00f3n escalonada, pero que el sector patronal lo que apoya es la cobertura completa de la seguridad social desde el inicio. O sea, desde el d\u00eda uno. (Prensa Libre 22.07.22)<\/p>\n","protected":false},"excerpt":{"rendered":"<p>El Comit\u00e9 Coordinador de Asociaciones Agr\u00edcolas, Comerciales, Industriales y Financieras (Cacif), y la Asociaci\u00f3n Guatemalteca de Exportadores (Agexport) recibieron una propuesta del Instituto Guatemalteco de Seguridad Social (IGSS) relacionada con los empleados contratados a&#46;&#46;&#46;<\/p>\n","protected":false},"author":1,"featured_media":48360,"comment_status":"open","ping_status":"closed","sticky":false,"template":"","format":"standard","meta":{"footnotes":""},"categories":[49],"tags":[181,250,177],"class_list":["post-54032","post","type-post","status-publish","format-standard","has-post-thumbnail","hentry","category-poblacion-empleos-y-salarios","tag-agexport","tag-cacif","tag-igss"],"_links":{"self":[{"href":"https:\/\/copades.com\/monec\/index.php?rest_route=\/wp\/v2\/posts\/54032","targetHints":{"allow":["GET"]}}],"collection":[{"href":"https:\/\/copades.com\/monec\/index.php?rest_route=\/wp\/v2\/posts"}],"about":[{"href":"https:\/\/copades.com\/monec\/index.php?rest_route=\/wp\/v2\/types\/post"}],"author":[{"embeddable":true,"href":"https:\/\/copades.com\/monec\/index.php?rest_route=\/wp\/v2\/users\/1"}],"replies":[{"embeddable":true,"href":"https:\/\/copades.com\/monec\/index.php?rest_route=%2Fwp%2Fv2%2Fcomments&post=54032"}],"version-history":[{"count":1,"href":"https:\/\/copades.com\/monec\/index.php?rest_route=\/wp\/v2\/posts\/54032\/revisions"}],"predecessor-version":[{"id":54033,"href":"https:\/\/copades.com\/monec\/index.php?rest_route=\/wp\/v2\/posts\/54032\/revisions\/54033"}],"wp:featuredmedia":[{"embeddable":true,"href":"https:\/\/copades.com\/monec\/index.php?rest_route=\/wp\/v2\/media\/48360"}],"wp:attachment":[{"href":"https:\/\/copades.com\/monec\/index.php?rest_route=%2Fwp%2Fv2%2Fmedia&parent=54032"}],"wp:term":[{"taxonomy":"category","embeddable":true,"href":"https:\/\/copades.com\/monec\/index.php?rest_route=%2Fwp%2Fv2%2Fcategories&post=54032"},{"taxonomy":"post_tag","embeddable":true,"href":"https:\/\/copades.com\/monec\/index.php?rest_route=%2Fwp%2Fv2%2Ftags&post=54032"}],"curies":[{"name":"wp","href":"https:\/\/api.w.org\/{rel}","templated":true}]}}