{"id":54042,"date":"2022-07-25T14:40:08","date_gmt":"2022-07-25T20:40:08","guid":{"rendered":"https:\/\/copades.com\/monec\/?p=54042"},"modified":"2022-07-25T14:40:08","modified_gmt":"2022-07-25T20:40:08","slug":"ingenios-preparan-produccion-adicional-de-azucar-para-cumplir-con-cuota-de-ee-uu","status":"publish","type":"post","link":"https:\/\/copades.com\/monec\/?p=54042","title":{"rendered":"Ingenios preparan producci\u00f3n adicional de az\u00facar para cumplir con cuota de EE. UU."},"content":{"rendered":"<p style=\"text-align: justify;\">Luego de que esta semana la Oficina del Representante Comercial de Estados Unidos (USTR, en ingl\u00e9s), asignara las cuotas correspondientes a 2023 bajo los contingentes arancelarios de la Organizaci\u00f3n Internacional del Comercio (OMC) para ca\u00f1a de az\u00facar sin refinar y productos que contienen az\u00facar, el indicador se mantiene en los par\u00e1metros observados en a\u00f1os anteriores. Para 2022, la cuota otorgada a Guatemala fue de 50 mil 546 toneladas m\u00e9tricas \u2122, igual a la de 2021, pero el pasado 20 de julio, el USTR anunci\u00f3 que para 2023 ser\u00e1 de 51 mil 639 toneladas m\u00e9tricas (1 mil 93 tm m\u00e1s) y, seg\u00fan la necesidad de Estados Unidos, podr\u00eda haber cuotas adicionales. Adem\u00e1s, Guatemala tambi\u00e9n despacha az\u00facar por el contingente negociado en el Tratado de Libre Comercio (TLC) con Estados Unidos. Asazgua inform\u00f3 que la cuota OMC en 2022 de 50 mil 546 toneladas represent\u00f3 el 1.8% del mercado del az\u00facar de Guatemala, en tanto que del TLC (51 mil 700 tm) representa alrededor del 1.9% del mercado. El total de la exportaci\u00f3n por ambos instrumentos comerciales fue de 102 mil 246 toneladas, y mencionaron que el 50% del az\u00facar de Guatemala se vende y comercializa en el mercado mundial. El incremento para 2023 es de 2.16% con respecto a la cuota vigente, inform\u00f3 la Asociaci\u00f3n de Azucareros de Guatemala (Asazgua) y estar\u00e1 activa del 1 de octubre del 2022 al 30 de septiembre del 2023, que es el ejercicio fiscal en ese pa\u00eds. (Prensa Libre 25.07.22)<\/p>\n","protected":false},"excerpt":{"rendered":"<p>Luego de que esta semana la Oficina del Representante Comercial de Estados Unidos (USTR, en ingl\u00e9s), asignara las cuotas correspondientes a 2023 bajo los contingentes arancelarios de la Organizaci\u00f3n Internacional del Comercio (OMC) para&#46;&#46;&#46;<\/p>\n","protected":false},"author":1,"featured_media":50865,"comment_status":"open","ping_status":"closed","sticky":false,"template":"","format":"standard","meta":{"footnotes":""},"categories":[24,28],"tags":[268,258,63,480],"class_list":["post-54042","post","type-post","status-publish","format-standard","has-post-thumbnail","hentry","category-comercio-exterior","category-exportaciones-de-azucar","tag-asazgua","tag-omc","tag-tlc","tag-ustr"],"_links":{"self":[{"href":"https:\/\/copades.com\/monec\/index.php?rest_route=\/wp\/v2\/posts\/54042","targetHints":{"allow":["GET"]}}],"collection":[{"href":"https:\/\/copades.com\/monec\/index.php?rest_route=\/wp\/v2\/posts"}],"about":[{"href":"https:\/\/copades.com\/monec\/index.php?rest_route=\/wp\/v2\/types\/post"}],"author":[{"embeddable":true,"href":"https:\/\/copades.com\/monec\/index.php?rest_route=\/wp\/v2\/users\/1"}],"replies":[{"embeddable":true,"href":"https:\/\/copades.com\/monec\/index.php?rest_route=%2Fwp%2Fv2%2Fcomments&post=54042"}],"version-history":[{"count":1,"href":"https:\/\/copades.com\/monec\/index.php?rest_route=\/wp\/v2\/posts\/54042\/revisions"}],"predecessor-version":[{"id":54043,"href":"https:\/\/copades.com\/monec\/index.php?rest_route=\/wp\/v2\/posts\/54042\/revisions\/54043"}],"wp:featuredmedia":[{"embeddable":true,"href":"https:\/\/copades.com\/monec\/index.php?rest_route=\/wp\/v2\/media\/50865"}],"wp:attachment":[{"href":"https:\/\/copades.com\/monec\/index.php?rest_route=%2Fwp%2Fv2%2Fmedia&parent=54042"}],"wp:term":[{"taxonomy":"category","embeddable":true,"href":"https:\/\/copades.com\/monec\/index.php?rest_route=%2Fwp%2Fv2%2Fcategories&post=54042"},{"taxonomy":"post_tag","embeddable":true,"href":"https:\/\/copades.com\/monec\/index.php?rest_route=%2Fwp%2Fv2%2Ftags&post=54042"}],"curies":[{"name":"wp","href":"https:\/\/api.w.org\/{rel}","templated":true}]}}