{"id":54068,"date":"2022-07-26T12:26:40","date_gmt":"2022-07-26T18:26:40","guid":{"rendered":"https:\/\/copades.com\/monec\/?p=54068"},"modified":"2022-07-28T12:29:00","modified_gmt":"2022-07-28T18:29:00","slug":"sin-avances-sobre-el-salario-minimo","status":"publish","type":"post","link":"https:\/\/copades.com\/monec\/?p=54068","title":{"rendered":"Sin avances sobre el salario m\u00ednimo"},"content":{"rendered":"<p style=\"text-align: justify;\">La Comisi\u00f3n Nacional del Salario (CNS), integrada por representantes del sector gubernamental, patronal y laboral, est\u00e1 preocupada por la falta de resultados, en especial porque esta es la primera ocasi\u00f3n en que se debe calcular el salario m\u00ednimo para las llamadas circunscripciones econ\u00f3micas. Para esa modalidad se crearon dos regiones, conocidas como Circunscripci\u00f3n Econ\u00f3mica Uno (CE1), que se conforma con el departamento de Guatemala, y la Circunscripci\u00f3n Econ\u00f3mica Dos (CE2), que incluye al resto del pa\u00eds. Derivado de ello, se establecieron en enero del 2022 seis comisiones paritarias porque para cada regi\u00f3n se deben integrar tres: una para actividades no agr\u00edcolas; otra para agr\u00edcolas; y una m\u00e1s para actividades de exportaci\u00f3n y maquila. Aunque se aprob\u00f3 en ese mismo mes qui\u00e9nes la integrar\u00edan, a la fecha la mayor\u00eda ha efectuado solo una o muy pocas reuniones, mientras que otras no han avanzado porque no se han integrado en su totalidad o por cuestiones de cu\u00f3rum. La semana pasada hubo una reuni\u00f3n ampliada entre la CNS y las paritarias, en la que se hizo una presentaci\u00f3n acerca de la normativa legal sobre c\u00f3mo se deben integrar la CNS y las paritarias, las obligaciones de estas, las normativas para su funcionamiento y sedes para reuniones. Adem\u00e1s, se habl\u00f3 de una propuesta para reformar el Acuerdo Gubernativo 1319, que contiene el reglamento de las comisiones sobre aspectos de sedes, per\u00edodos de sesiones, nombramientos y emisi\u00f3n de informes. (Prensa Libre 26.07.22)<\/p>\n","protected":false},"excerpt":{"rendered":"<p>La Comisi\u00f3n Nacional del Salario (CNS), integrada por representantes del sector gubernamental, patronal y laboral, est\u00e1 preocupada por la falta de resultados, en especial porque esta es la primera ocasi\u00f3n en que se debe&#46;&#46;&#46;<\/p>\n","protected":false},"author":1,"featured_media":48501,"comment_status":"open","ping_status":"closed","sticky":false,"template":"","format":"standard","meta":{"footnotes":""},"categories":[49],"tags":[7651,7652,137],"class_list":["post-54068","post","type-post","status-publish","format-standard","has-post-thumbnail","hentry","category-poblacion-empleos-y-salarios","tag-ce1","tag-ce2","tag-cns"],"_links":{"self":[{"href":"https:\/\/copades.com\/monec\/index.php?rest_route=\/wp\/v2\/posts\/54068","targetHints":{"allow":["GET"]}}],"collection":[{"href":"https:\/\/copades.com\/monec\/index.php?rest_route=\/wp\/v2\/posts"}],"about":[{"href":"https:\/\/copades.com\/monec\/index.php?rest_route=\/wp\/v2\/types\/post"}],"author":[{"embeddable":true,"href":"https:\/\/copades.com\/monec\/index.php?rest_route=\/wp\/v2\/users\/1"}],"replies":[{"embeddable":true,"href":"https:\/\/copades.com\/monec\/index.php?rest_route=%2Fwp%2Fv2%2Fcomments&post=54068"}],"version-history":[{"count":1,"href":"https:\/\/copades.com\/monec\/index.php?rest_route=\/wp\/v2\/posts\/54068\/revisions"}],"predecessor-version":[{"id":54069,"href":"https:\/\/copades.com\/monec\/index.php?rest_route=\/wp\/v2\/posts\/54068\/revisions\/54069"}],"wp:featuredmedia":[{"embeddable":true,"href":"https:\/\/copades.com\/monec\/index.php?rest_route=\/wp\/v2\/media\/48501"}],"wp:attachment":[{"href":"https:\/\/copades.com\/monec\/index.php?rest_route=%2Fwp%2Fv2%2Fmedia&parent=54068"}],"wp:term":[{"taxonomy":"category","embeddable":true,"href":"https:\/\/copades.com\/monec\/index.php?rest_route=%2Fwp%2Fv2%2Fcategories&post=54068"},{"taxonomy":"post_tag","embeddable":true,"href":"https:\/\/copades.com\/monec\/index.php?rest_route=%2Fwp%2Fv2%2Ftags&post=54068"}],"curies":[{"name":"wp","href":"https:\/\/api.w.org\/{rel}","templated":true}]}}