{"id":54084,"date":"2022-07-27T12:49:57","date_gmt":"2022-07-27T18:49:57","guid":{"rendered":"https:\/\/copades.com\/monec\/?p=54084"},"modified":"2022-07-28T12:51:40","modified_gmt":"2022-07-28T18:51:40","slug":"guatemala-y-el-salvador-pediran-duca-f","status":"publish","type":"post","link":"https:\/\/copades.com\/monec\/?p=54084","title":{"rendered":"Guatemala y El Salvador pedir\u00e1n DUCA- F"},"content":{"rendered":"<p style=\"text-align: justify;\">Luego de la II ronda de negociaci\u00f3n de la incorporaci\u00f3n de El Salvador al Proceso de Integraci\u00f3n Profunda entre Guatemala-Honduras, el Ministerio de Econom\u00eda (Mineco) dio a conocer ayer que a partir del 24 de agosto ser\u00e1 de uso obligatorio la Declaraci\u00f3n Anticipada (DUCA-F) para el comercio de mercanc\u00edas originarias de Guatemala y El Salvador espec\u00edficamente en el paso fronterizo de <strong>Pedro de Alvarado<\/strong>\u2013La Hachadura. \u201cA partir de la fecha indicada los transportes de mercanc\u00edas podr\u00e1n pasar de manera m\u00e1s expedita de un territorio a otro al utilizar la declaraci\u00f3n de forma anticipada y adjuntar los documentos que la respaldan\u201d, afirm\u00f3 el Mineco en un comunicado de prensa. Adem\u00e1s, a mediano plazo alrededor de 25 productos vegetales procedentes de Guatemala podr\u00edan tener libre circulaci\u00f3n en el territorio aduanero com\u00fan. Sin embargo, a\u00fan debe contar con una resoluci\u00f3n de la Instancia Ministerial. Actualmente, El Salvador aplica una medida fitosanitaria a los vegetales guatemaltecos en prevenci\u00f3n de la plaga de cochinilla rosada. El Mineco explic\u00f3 que consideraron la libre circulaci\u00f3n de los productos vegetales debido a que El Salvador y Guatemala \u201ccomparten similar estatus sanitario respecto de la plaga\u201d. (El Peri\u00f3dico 27.07.22)<\/p>\n","protected":false},"excerpt":{"rendered":"<p>Luego de la II ronda de negociaci\u00f3n de la incorporaci\u00f3n de El Salvador al Proceso de Integraci\u00f3n Profunda entre Guatemala-Honduras, el Ministerio de Econom\u00eda (Mineco) dio a conocer ayer que a partir del 24&#46;&#46;&#46;<\/p>\n","protected":false},"author":1,"featured_media":50488,"comment_status":"open","ping_status":"closed","sticky":false,"template":"","format":"standard","meta":{"footnotes":""},"categories":[47],"tags":[7185,78],"class_list":["post-54084","post","type-post","status-publish","format-standard","has-post-thumbnail","hentry","category-integracion-centroamericana","tag-duca-f","tag-mineco"],"_links":{"self":[{"href":"https:\/\/copades.com\/monec\/index.php?rest_route=\/wp\/v2\/posts\/54084","targetHints":{"allow":["GET"]}}],"collection":[{"href":"https:\/\/copades.com\/monec\/index.php?rest_route=\/wp\/v2\/posts"}],"about":[{"href":"https:\/\/copades.com\/monec\/index.php?rest_route=\/wp\/v2\/types\/post"}],"author":[{"embeddable":true,"href":"https:\/\/copades.com\/monec\/index.php?rest_route=\/wp\/v2\/users\/1"}],"replies":[{"embeddable":true,"href":"https:\/\/copades.com\/monec\/index.php?rest_route=%2Fwp%2Fv2%2Fcomments&post=54084"}],"version-history":[{"count":1,"href":"https:\/\/copades.com\/monec\/index.php?rest_route=\/wp\/v2\/posts\/54084\/revisions"}],"predecessor-version":[{"id":54085,"href":"https:\/\/copades.com\/monec\/index.php?rest_route=\/wp\/v2\/posts\/54084\/revisions\/54085"}],"wp:featuredmedia":[{"embeddable":true,"href":"https:\/\/copades.com\/monec\/index.php?rest_route=\/wp\/v2\/media\/50488"}],"wp:attachment":[{"href":"https:\/\/copades.com\/monec\/index.php?rest_route=%2Fwp%2Fv2%2Fmedia&parent=54084"}],"wp:term":[{"taxonomy":"category","embeddable":true,"href":"https:\/\/copades.com\/monec\/index.php?rest_route=%2Fwp%2Fv2%2Fcategories&post=54084"},{"taxonomy":"post_tag","embeddable":true,"href":"https:\/\/copades.com\/monec\/index.php?rest_route=%2Fwp%2Fv2%2Ftags&post=54084"}],"curies":[{"name":"wp","href":"https:\/\/api.w.org\/{rel}","templated":true}]}}