{"id":54094,"date":"2022-07-27T12:58:51","date_gmt":"2022-07-27T18:58:51","guid":{"rendered":"https:\/\/copades.com\/monec\/?p=54094"},"modified":"2022-07-28T13:09:27","modified_gmt":"2022-07-28T19:09:27","slug":"la-ue-pacta-plan-de-ahorro-de-gas-ante-amenaza-de-recortes","status":"publish","type":"post","link":"https:\/\/copades.com\/monec\/?p=54094","title":{"rendered":"La UE pacta plan de ahorro de gas ante amenaza de recortes"},"content":{"rendered":"<p style=\"text-align: justify;\">La Uni\u00f3n Europea acord\u00f3 ayer reducir el consumo de gas para ser menos dependiente de Rusia, que anunci\u00f3 un nuevo recorte de los suministros hacia Europa. \u201c\u00a1No era una misi\u00f3n imposible! Los ministros (de Energ\u00eda de los 27 Estados miembros) llegaron a un acuerdo pol\u00edtico sobre la reducci\u00f3n de la demanda de gas para el pr\u00f3ximo invierno\u201d, anunci\u00f3 en Twitter la presidencia checa, que ejerce la presidencia rotatoria del Consejo de la UE. Ante la amenaza de una crisis energ\u00e9tica avivada por los recortes de gas ruso, los ministros, reunidos en Bruselas, pactaron un plan de ahorro propuesto la semana pasada por la Comisi\u00f3n. El contenido fue ampliamente modificado, aunque sus grandes l\u00edneas permanecieron iguales. El documento prev\u00e9 que cada pa\u00eds haga \u201ctodo lo posible\u201d para reducir en al menos un 15 por ciento el consumo de gas entre agosto de 2022 y marzo de 2023, respecto a la media de los \u00faltimos cinco a\u00f1os del mismo periodo. En caso de \u201criesgo grave de penuria\u201d, un mecanismo har\u00e1 obligatoria esa reducci\u00f3n, pero el objetivo ser\u00e1 adaptado a las realidades de cada pa\u00eds a trav\u00e9s de una serie de exenciones. \u201cEste compromiso colectivo es muy significativo y nos ayudar\u00e1 a reponer las existencias antes del invierno\u201d, celebr\u00f3 la presidenta de la Comisi\u00f3n Europea, <strong>Ursula von der Leyen<\/strong>. (El Peri\u00f3dico 27.07.22)<\/p>\n","protected":false},"excerpt":{"rendered":"<p>La Uni\u00f3n Europea acord\u00f3 ayer reducir el consumo de gas para ser menos dependiente de Rusia, que anunci\u00f3 un nuevo recorte de los suministros hacia Europa. \u201c\u00a1No era una misi\u00f3n imposible! Los ministros (de&#46;&#46;&#46;<\/p>\n","protected":false},"author":1,"featured_media":52551,"comment_status":"open","ping_status":"closed","sticky":false,"template":"","format":"standard","meta":{"footnotes":""},"categories":[55],"tags":[149],"class_list":["post-54094","post","type-post","status-publish","format-standard","has-post-thumbnail","hentry","category-internacionales-seleccion","tag-ue"],"_links":{"self":[{"href":"https:\/\/copades.com\/monec\/index.php?rest_route=\/wp\/v2\/posts\/54094","targetHints":{"allow":["GET"]}}],"collection":[{"href":"https:\/\/copades.com\/monec\/index.php?rest_route=\/wp\/v2\/posts"}],"about":[{"href":"https:\/\/copades.com\/monec\/index.php?rest_route=\/wp\/v2\/types\/post"}],"author":[{"embeddable":true,"href":"https:\/\/copades.com\/monec\/index.php?rest_route=\/wp\/v2\/users\/1"}],"replies":[{"embeddable":true,"href":"https:\/\/copades.com\/monec\/index.php?rest_route=%2Fwp%2Fv2%2Fcomments&post=54094"}],"version-history":[{"count":1,"href":"https:\/\/copades.com\/monec\/index.php?rest_route=\/wp\/v2\/posts\/54094\/revisions"}],"predecessor-version":[{"id":54098,"href":"https:\/\/copades.com\/monec\/index.php?rest_route=\/wp\/v2\/posts\/54094\/revisions\/54098"}],"wp:featuredmedia":[{"embeddable":true,"href":"https:\/\/copades.com\/monec\/index.php?rest_route=\/wp\/v2\/media\/52551"}],"wp:attachment":[{"href":"https:\/\/copades.com\/monec\/index.php?rest_route=%2Fwp%2Fv2%2Fmedia&parent=54094"}],"wp:term":[{"taxonomy":"category","embeddable":true,"href":"https:\/\/copades.com\/monec\/index.php?rest_route=%2Fwp%2Fv2%2Fcategories&post=54094"},{"taxonomy":"post_tag","embeddable":true,"href":"https:\/\/copades.com\/monec\/index.php?rest_route=%2Fwp%2Fv2%2Ftags&post=54094"}],"curies":[{"name":"wp","href":"https:\/\/api.w.org\/{rel}","templated":true}]}}