{"id":54154,"date":"2022-08-01T11:33:58","date_gmt":"2022-08-01T17:33:58","guid":{"rendered":"https:\/\/copades.com\/monec\/?p=54154"},"modified":"2022-08-02T11:36:10","modified_gmt":"2022-08-02T17:36:10","slug":"en-2023-la-sib-aplicara-prueba-de-estres","status":"publish","type":"post","link":"https:\/\/copades.com\/monec\/?p=54154","title":{"rendered":"En 2023 la SIB aplicar\u00e1 \u201cprueba de estr\u00e9s\u201d"},"content":{"rendered":"<p style=\"text-align: justify;\">La revisi\u00f3n de los principales riesgos derivados del entorno macrofinanciero internacional, as\u00ed como visualizar y discutir las implicaciones que tendr\u00e1n las condiciones econ\u00f3micas globales, fueron algunos de los temas abordados por los superintendentes de bancos y otros delegados que se reunieron la semana anterior en la Antigua Guatemala. <strong>\u00c9rick Armando Vargas Sierra<\/strong>, jefe de la Superintendencia de Bancos de Guatemala (SIB) coment\u00f3 las conclusiones del encuentro, en la que los participantes coincidieron en que los pa\u00edses de la regi\u00f3n enfrentan retos importantes derivados del aumento de la inflaci\u00f3n, los ajustes de las tasas de inter\u00e9s (sobre todo de la Reserva Federal de Estados Unidos), as\u00ed como la desaceleraci\u00f3n econ\u00f3mica en econom\u00edas avanzadas. A la reuni\u00f3n se dieron cita superintendentes de Brasil, M\u00e9xico, Colombia, Per\u00fa, Uruguay y Costa Rica, as\u00ed como delegados de la Comisi\u00f3n de Mercados Financieros de Chile, de la Superintendencia de Bancos de Rep\u00fablica Dominicana y del Banco de Espa\u00f1a, as\u00ed como otros funcionarios que participaron de manera virtual. <strong>Pablo Marroqu\u00edn<\/strong>, asesor de la SIB, explic\u00f3 que las pruebas de estr\u00e9s son un conjunto de elementos que permiten plantear escenarios en relaci\u00f3n con diferentes variables macroecon\u00f3micas y el comportamiento de las entidades bancarias. Y de esa cuenta, adoptar las decisiones correspondientes para estar mejor preparados ante un shock externo. (Prensa Libre 01.08.22)<\/p>\n","protected":false},"excerpt":{"rendered":"<p>La revisi\u00f3n de los principales riesgos derivados del entorno macrofinanciero internacional, as\u00ed como visualizar y discutir las implicaciones que tendr\u00e1n las condiciones econ\u00f3micas globales, fueron algunos de los temas abordados por los superintendentes de&#46;&#46;&#46;<\/p>\n","protected":false},"author":1,"featured_media":48264,"comment_status":"open","ping_status":"closed","sticky":false,"template":"","format":"standard","meta":{"footnotes":""},"categories":[3],"tags":[70],"class_list":["post-54154","post","type-post","status-publish","format-standard","has-post-thumbnail","hentry","category-actividad-financiera","tag-sib"],"_links":{"self":[{"href":"https:\/\/copades.com\/monec\/index.php?rest_route=\/wp\/v2\/posts\/54154","targetHints":{"allow":["GET"]}}],"collection":[{"href":"https:\/\/copades.com\/monec\/index.php?rest_route=\/wp\/v2\/posts"}],"about":[{"href":"https:\/\/copades.com\/monec\/index.php?rest_route=\/wp\/v2\/types\/post"}],"author":[{"embeddable":true,"href":"https:\/\/copades.com\/monec\/index.php?rest_route=\/wp\/v2\/users\/1"}],"replies":[{"embeddable":true,"href":"https:\/\/copades.com\/monec\/index.php?rest_route=%2Fwp%2Fv2%2Fcomments&post=54154"}],"version-history":[{"count":1,"href":"https:\/\/copades.com\/monec\/index.php?rest_route=\/wp\/v2\/posts\/54154\/revisions"}],"predecessor-version":[{"id":54155,"href":"https:\/\/copades.com\/monec\/index.php?rest_route=\/wp\/v2\/posts\/54154\/revisions\/54155"}],"wp:featuredmedia":[{"embeddable":true,"href":"https:\/\/copades.com\/monec\/index.php?rest_route=\/wp\/v2\/media\/48264"}],"wp:attachment":[{"href":"https:\/\/copades.com\/monec\/index.php?rest_route=%2Fwp%2Fv2%2Fmedia&parent=54154"}],"wp:term":[{"taxonomy":"category","embeddable":true,"href":"https:\/\/copades.com\/monec\/index.php?rest_route=%2Fwp%2Fv2%2Fcategories&post=54154"},{"taxonomy":"post_tag","embeddable":true,"href":"https:\/\/copades.com\/monec\/index.php?rest_route=%2Fwp%2Fv2%2Ftags&post=54154"}],"curies":[{"name":"wp","href":"https:\/\/api.w.org\/{rel}","templated":true}]}}