{"id":54170,"date":"2022-08-02T12:02:16","date_gmt":"2022-08-02T18:02:16","guid":{"rendered":"https:\/\/copades.com\/monec\/?p=54170"},"modified":"2022-08-02T12:02:16","modified_gmt":"2022-08-02T18:02:16","slug":"el-congreso-continuara-privilegiando-temas-economicos","status":"publish","type":"post","link":"https:\/\/copades.com\/monec\/?p=54170","title":{"rendered":"El Congreso continuar\u00e1 privilegiando temas econ\u00f3micos"},"content":{"rendered":"<p style=\"text-align: justify;\">La presidenta del Congreso, <strong>Shirley Rivera<\/strong>, inform\u00f3 que con el inicio del segundo periodo legislativo van a abordar una agenda econ\u00f3mica y de protecci\u00f3n de inversiones, leyes sociales, seguridad y justicia. Rivera asegur\u00f3 que \u201cGuatemala se est\u00e1 destacando por la estabilidad econ\u00f3mica\u201d, por lo que buscar\u00e1n aprobar la iniciativa de ley de protecci\u00f3n a las inversiones para favorecer que las empresas inviertan en el pa\u00eds. El tema econ\u00f3mico tambi\u00e9n primar\u00e1 como un inter\u00e9s del Congreso, ya que tienen previsto conocer iniciativas de ley para continuar ampliando el subsidio de combustibles y la energ\u00eda el\u00e9ctrica, medida que ha sido criticada por la oposici\u00f3n, argumentando que no se est\u00e1n colocando candados para la ejecuci\u00f3n de esos fondos. (El Peri\u00f3dico 02.08.22)<\/p>\n","protected":false},"excerpt":{"rendered":"<p>La presidenta del Congreso, Shirley Rivera, inform\u00f3 que con el inicio del segundo periodo legislativo van a abordar una agenda econ\u00f3mica y de protecci\u00f3n de inversiones, leyes sociales, seguridad y justicia. Rivera asegur\u00f3 que&#46;&#46;&#46;<\/p>\n","protected":false},"author":1,"featured_media":51066,"comment_status":"open","ping_status":"closed","sticky":false,"template":"","format":"standard","meta":{"footnotes":""},"categories":[4],"tags":[523],"class_list":["post-54170","post","type-post","status-publish","format-standard","has-post-thumbnail","hentry","category-actividad-legislativa","tag-congreso"],"_links":{"self":[{"href":"https:\/\/copades.com\/monec\/index.php?rest_route=\/wp\/v2\/posts\/54170","targetHints":{"allow":["GET"]}}],"collection":[{"href":"https:\/\/copades.com\/monec\/index.php?rest_route=\/wp\/v2\/posts"}],"about":[{"href":"https:\/\/copades.com\/monec\/index.php?rest_route=\/wp\/v2\/types\/post"}],"author":[{"embeddable":true,"href":"https:\/\/copades.com\/monec\/index.php?rest_route=\/wp\/v2\/users\/1"}],"replies":[{"embeddable":true,"href":"https:\/\/copades.com\/monec\/index.php?rest_route=%2Fwp%2Fv2%2Fcomments&post=54170"}],"version-history":[{"count":1,"href":"https:\/\/copades.com\/monec\/index.php?rest_route=\/wp\/v2\/posts\/54170\/revisions"}],"predecessor-version":[{"id":54171,"href":"https:\/\/copades.com\/monec\/index.php?rest_route=\/wp\/v2\/posts\/54170\/revisions\/54171"}],"wp:featuredmedia":[{"embeddable":true,"href":"https:\/\/copades.com\/monec\/index.php?rest_route=\/wp\/v2\/media\/51066"}],"wp:attachment":[{"href":"https:\/\/copades.com\/monec\/index.php?rest_route=%2Fwp%2Fv2%2Fmedia&parent=54170"}],"wp:term":[{"taxonomy":"category","embeddable":true,"href":"https:\/\/copades.com\/monec\/index.php?rest_route=%2Fwp%2Fv2%2Fcategories&post=54170"},{"taxonomy":"post_tag","embeddable":true,"href":"https:\/\/copades.com\/monec\/index.php?rest_route=%2Fwp%2Fv2%2Ftags&post=54170"}],"curies":[{"name":"wp","href":"https:\/\/api.w.org\/{rel}","templated":true}]}}