{"id":54180,"date":"2022-08-02T12:12:08","date_gmt":"2022-08-02T18:12:08","guid":{"rendered":"https:\/\/copades.com\/monec\/?p=54180"},"modified":"2022-08-02T12:12:08","modified_gmt":"2022-08-02T18:12:08","slug":"mem-pide-ampliar-subsidio-a-diesel-y-tarifa-social","status":"publish","type":"post","link":"https:\/\/copades.com\/monec\/?p=54180","title":{"rendered":"MEM pide ampliar subsidio a di\u00e9sel y tarifa social"},"content":{"rendered":"<p style=\"text-align: justify;\">El Congreso deber\u00e1 conocer una solicitud de ampliaci\u00f3n para el subsidio de di\u00e9sel y de la Tarifa Social (TS) de energ\u00eda el\u00e9ctrica que apoyar\u00eda a los consumidores en los siguientes meses, ante el alza de los precios internacionales del petr\u00f3leo y sus derivados. El jueves vence el subsidio que est\u00e1 vigente y que alcanza adem\u00e1s del di\u00e9sel el consumo de gasolinas. <strong>Alberto Pimentel<\/strong>, titular del Ministerio de Energ\u00eda y Minas (MEM), explic\u00f3 que se solicitan Q400 millones para apoyar a los usuarios de di\u00e9sel y Q127.5 millones para la ampliaci\u00f3n de 101 a 125 kilovatios\/hora de energ\u00eda el\u00e9ctrica que estar\u00edan en la TS. Se ten\u00edan autorizados Q2.260 millardos para los apoyos temporales y la ejecuci\u00f3n alcanza Q1.643 millardos, por lo que se tiene esa disponibilidad para ampliar por dos meses el subsidio al di\u00e9sel y hasta diciembre para la TS, explic\u00f3 Pimentel. De aprobarse la ampliaci\u00f3n los consumidores de di\u00e9sel continuar\u00e1n con un apoyo de Q5 por gal\u00f3n. El precio promedio que el MEM reporta para este hidrocarburo es de Q29.90 y, seg\u00fan Pimentel, se ha priorizado por el impacto que tiene en el transporte de personas y mercanc\u00edas. La ampliaci\u00f3n del rango de la TS incluir\u00eda a 265 mil familias m\u00e1s. Desde este mes la Comisi\u00f3n Nacional de Energ\u00eda El\u00e9ctrica (CNEE) aprob\u00f3 el ajuste trimestral de las tarifas con una variaci\u00f3n de Q0.06 y Q0.08 por kilovatio\/hora (kWh). (El Peri\u00f3dico\/La Hora\/Prensa Libre 02.08.22)<\/p>\n","protected":false},"excerpt":{"rendered":"<p>El Congreso deber\u00e1 conocer una solicitud de ampliaci\u00f3n para el subsidio de di\u00e9sel y de la Tarifa Social (TS) de energ\u00eda el\u00e9ctrica que apoyar\u00eda a los consumidores en los siguientes meses, ante el alza&#46;&#46;&#46;<\/p>\n","protected":false},"author":1,"featured_media":48356,"comment_status":"open","ping_status":"closed","sticky":false,"template":"","format":"standard","meta":{"footnotes":""},"categories":[46],"tags":[151,105,3733],"class_list":["post-54180","post","type-post","status-publish","format-standard","has-post-thumbnail","hentry","category-inflacion","tag-cnee","tag-mem","tag-ts"],"_links":{"self":[{"href":"https:\/\/copades.com\/monec\/index.php?rest_route=\/wp\/v2\/posts\/54180","targetHints":{"allow":["GET"]}}],"collection":[{"href":"https:\/\/copades.com\/monec\/index.php?rest_route=\/wp\/v2\/posts"}],"about":[{"href":"https:\/\/copades.com\/monec\/index.php?rest_route=\/wp\/v2\/types\/post"}],"author":[{"embeddable":true,"href":"https:\/\/copades.com\/monec\/index.php?rest_route=\/wp\/v2\/users\/1"}],"replies":[{"embeddable":true,"href":"https:\/\/copades.com\/monec\/index.php?rest_route=%2Fwp%2Fv2%2Fcomments&post=54180"}],"version-history":[{"count":1,"href":"https:\/\/copades.com\/monec\/index.php?rest_route=\/wp\/v2\/posts\/54180\/revisions"}],"predecessor-version":[{"id":54181,"href":"https:\/\/copades.com\/monec\/index.php?rest_route=\/wp\/v2\/posts\/54180\/revisions\/54181"}],"wp:featuredmedia":[{"embeddable":true,"href":"https:\/\/copades.com\/monec\/index.php?rest_route=\/wp\/v2\/media\/48356"}],"wp:attachment":[{"href":"https:\/\/copades.com\/monec\/index.php?rest_route=%2Fwp%2Fv2%2Fmedia&parent=54180"}],"wp:term":[{"taxonomy":"category","embeddable":true,"href":"https:\/\/copades.com\/monec\/index.php?rest_route=%2Fwp%2Fv2%2Fcategories&post=54180"},{"taxonomy":"post_tag","embeddable":true,"href":"https:\/\/copades.com\/monec\/index.php?rest_route=%2Fwp%2Fv2%2Ftags&post=54180"}],"curies":[{"name":"wp","href":"https:\/\/api.w.org\/{rel}","templated":true}]}}