{"id":54216,"date":"2022-08-04T14:03:03","date_gmt":"2022-08-04T20:03:03","guid":{"rendered":"https:\/\/copades.com\/monec\/?p=54216"},"modified":"2022-08-05T14:05:49","modified_gmt":"2022-08-05T20:05:49","slug":"advierten-sobre-alzas-en-granos","status":"publish","type":"post","link":"https:\/\/copades.com\/monec\/?p=54216","title":{"rendered":"Advierten sobre alzas en granos"},"content":{"rendered":"<p style=\"text-align: justify;\">Centroam\u00e9rica ya est\u00e1 padeciendo los efectos del conflicto entre Rusia y Ucrania, pues los precios internacionales del ma\u00edz amarillo cedieron en mayo 2022 en Argentina, Brasil y Estados Unidos debido a tendencias estacionales y perspectivas favorables sobre el restablecimiento comercial en el Mar Negro. Mientras, el precio del arroz increment\u00f3 en EE. UU., como consecuencia de las perspectivas de producci\u00f3n a la baja por la reducci\u00f3n del \u00e1rea de siembra; y el precio del trigo se mantuvo al alza influenciado por las restricciones comerciales por el conflicto. De acuerdo con el reporte regional del Mercado de Granos B\u00e1sicos, que public\u00f3 esta semana la Direcci\u00f3n de Planeaci\u00f3n (Dipl\u00e1n) del Ministerio de Agricultura, Ganader\u00eda y Alimentaci\u00f3n (Maga), los precios de los combustibles, insumos y transporte son factores que est\u00e1n incidiendo en los precios del ma\u00edz, as\u00ed como la menor disponibilidad del grano remanente del a\u00f1o comercial 2021\/22 por condiciones clim\u00e1ticas desfavorables y la incertidumbre sobre la cosecha de este a\u00f1o. Para el frijol rojo y negro se esperan aumentos superiores a los niveles promedio, debido a la disminuci\u00f3n temprana de la oferta regional, aparte del elevado costo de insumos agr\u00edcolas y el exceso de lluvias. Sobre la influencia de los precios internacionales de productos b\u00e1sicos en el mercado regional, el informe resalta la situaci\u00f3n del trigo que aument\u00f3 en mayo, como respuesta al anuncio de la India de una prohibici\u00f3n de exportaci\u00f3n, en medio de preocupaciones por el suministro mundial, alimentadas por la reducci\u00f3n de la producci\u00f3n esperada en 2022, as\u00ed como interrupciones en los env\u00edos, debido al conflicto en Ucrania. (Prensa Libre 04.08.22)<\/p>\n","protected":false},"excerpt":{"rendered":"<p>Centroam\u00e9rica ya est\u00e1 padeciendo los efectos del conflicto entre Rusia y Ucrania, pues los precios internacionales del ma\u00edz amarillo cedieron en mayo 2022 en Argentina, Brasil y Estados Unidos debido a tendencias estacionales y&#46;&#46;&#46;<\/p>\n","protected":false},"author":1,"featured_media":49306,"comment_status":"open","ping_status":"closed","sticky":false,"template":"","format":"standard","meta":{"footnotes":""},"categories":[46],"tags":[3311,289],"class_list":["post-54216","post","type-post","status-publish","format-standard","has-post-thumbnail","hentry","category-inflacion","tag-diplan","tag-maga"],"_links":{"self":[{"href":"https:\/\/copades.com\/monec\/index.php?rest_route=\/wp\/v2\/posts\/54216","targetHints":{"allow":["GET"]}}],"collection":[{"href":"https:\/\/copades.com\/monec\/index.php?rest_route=\/wp\/v2\/posts"}],"about":[{"href":"https:\/\/copades.com\/monec\/index.php?rest_route=\/wp\/v2\/types\/post"}],"author":[{"embeddable":true,"href":"https:\/\/copades.com\/monec\/index.php?rest_route=\/wp\/v2\/users\/1"}],"replies":[{"embeddable":true,"href":"https:\/\/copades.com\/monec\/index.php?rest_route=%2Fwp%2Fv2%2Fcomments&post=54216"}],"version-history":[{"count":1,"href":"https:\/\/copades.com\/monec\/index.php?rest_route=\/wp\/v2\/posts\/54216\/revisions"}],"predecessor-version":[{"id":54217,"href":"https:\/\/copades.com\/monec\/index.php?rest_route=\/wp\/v2\/posts\/54216\/revisions\/54217"}],"wp:featuredmedia":[{"embeddable":true,"href":"https:\/\/copades.com\/monec\/index.php?rest_route=\/wp\/v2\/media\/49306"}],"wp:attachment":[{"href":"https:\/\/copades.com\/monec\/index.php?rest_route=%2Fwp%2Fv2%2Fmedia&parent=54216"}],"wp:term":[{"taxonomy":"category","embeddable":true,"href":"https:\/\/copades.com\/monec\/index.php?rest_route=%2Fwp%2Fv2%2Fcategories&post=54216"},{"taxonomy":"post_tag","embeddable":true,"href":"https:\/\/copades.com\/monec\/index.php?rest_route=%2Fwp%2Fv2%2Ftags&post=54216"}],"curies":[{"name":"wp","href":"https:\/\/api.w.org\/{rel}","templated":true}]}}