{"id":5424,"date":"2013-01-31T16:45:57","date_gmt":"2013-01-31T16:45:57","guid":{"rendered":"http:\/\/copades.com\/monec\/?p=5424"},"modified":"2013-01-31T16:45:57","modified_gmt":"2013-01-31T16:45:57","slug":"tres-paises-de-centroamerica-ratificaran-el-ada-en-mayo","status":"publish","type":"post","link":"https:\/\/copades.com\/monec\/?p=5424","title":{"rendered":"Tres pa\u00edses de Centroam\u00e9rica ratificar\u00e1n el ADA en mayo"},"content":{"rendered":"<p style=\"text-align: justify;\">El jefe de la delegaci\u00f3n de la Comisi\u00f3n Europea para Centroam\u00e9rica y Panam\u00e1, el espa\u00f1ol <strong>Francisco Javier Sandomingo<\/strong>, dijo el 30 de enero, que Costa Rica, El Salvador, Guatemala y Panam\u00e1 se comprometieron a ratificar a m\u00e1s tardar en mayo pr\u00f3ximo el acuerdo de asociaci\u00f3n suscrito con la Uni\u00f3n Europea (UE). \u201cEn Santiago de Chile, en la Cumbre de la Comunidad de Estados Latinoamericanos y Caribe\u00f1os (CELAC)\u201d con la UE, celebrada el fin de semana pasado, \u201cse tom\u00f3 la decisi\u00f3n de establecer el plazo del 15 de mayo para que todos los pa\u00edses lo ratifiquen\u201d, explic\u00f3 el diplom\u00e1tico europeo. Adem\u00e1s del Parlamento Europeo, lo han aprobado los Congresos de Nicaragua y Honduras, por lo que sus disposiciones ya est\u00e1n activas en los 27 pa\u00edses de la UE y en los dos centroamericanos. (Siglo XXI 31.01.13)<\/p>\n","protected":false},"excerpt":{"rendered":"<p>El jefe de la delegaci\u00f3n de la Comisi\u00f3n Europea para Centroam\u00e9rica y Panam\u00e1, el espa\u00f1ol Francisco Javier Sandomingo, dijo el 30 de enero, que Costa Rica, El Salvador, Guatemala y Panam\u00e1 se comprometieron a&#46;&#46;&#46;<\/p>\n","protected":false},"author":1,"featured_media":0,"comment_status":"open","ping_status":"closed","sticky":false,"template":"","format":"standard","meta":{"footnotes":""},"categories":[54],"tags":[899],"class_list":["post-5424","post","type-post","status-publish","format-standard","hentry","category-centroamerica-seleccion","tag-celac"],"_links":{"self":[{"href":"https:\/\/copades.com\/monec\/index.php?rest_route=\/wp\/v2\/posts\/5424","targetHints":{"allow":["GET"]}}],"collection":[{"href":"https:\/\/copades.com\/monec\/index.php?rest_route=\/wp\/v2\/posts"}],"about":[{"href":"https:\/\/copades.com\/monec\/index.php?rest_route=\/wp\/v2\/types\/post"}],"author":[{"embeddable":true,"href":"https:\/\/copades.com\/monec\/index.php?rest_route=\/wp\/v2\/users\/1"}],"replies":[{"embeddable":true,"href":"https:\/\/copades.com\/monec\/index.php?rest_route=%2Fwp%2Fv2%2Fcomments&post=5424"}],"version-history":[{"count":1,"href":"https:\/\/copades.com\/monec\/index.php?rest_route=\/wp\/v2\/posts\/5424\/revisions"}],"predecessor-version":[{"id":5425,"href":"https:\/\/copades.com\/monec\/index.php?rest_route=\/wp\/v2\/posts\/5424\/revisions\/5425"}],"wp:attachment":[{"href":"https:\/\/copades.com\/monec\/index.php?rest_route=%2Fwp%2Fv2%2Fmedia&parent=5424"}],"wp:term":[{"taxonomy":"category","embeddable":true,"href":"https:\/\/copades.com\/monec\/index.php?rest_route=%2Fwp%2Fv2%2Fcategories&post=5424"},{"taxonomy":"post_tag","embeddable":true,"href":"https:\/\/copades.com\/monec\/index.php?rest_route=%2Fwp%2Fv2%2Ftags&post=5424"}],"curies":[{"name":"wp","href":"https:\/\/api.w.org\/{rel}","templated":true}]}}