{"id":54278,"date":"2022-08-11T11:37:28","date_gmt":"2022-08-11T17:37:28","guid":{"rendered":"https:\/\/copades.com\/monec\/?p=54278"},"modified":"2022-08-16T11:38:39","modified_gmt":"2022-08-16T17:38:39","slug":"congreso-aprueba-q427-5-millones-en-subsidios","status":"publish","type":"post","link":"https:\/\/copades.com\/monec\/?p=54278","title":{"rendered":"Congreso aprueba Q427.5 millones en subsidios"},"content":{"rendered":"<p style=\"text-align: justify;\">El pleno del Congreso de la Rep\u00fablica aprob\u00f3 ayer la ampliaci\u00f3n del aporte social de la tarifa el\u00e9ctrica y el subsidio para di\u00e9sel, autorizando que sean destinados Q427.5 millones para otorgar esos \u201cbeneficios sociales\u201d. Por medio del Decreto 42-2022, 96 diputados aprobaron un subsidio de Q5 por gal\u00f3n de di\u00e9sel, el cual estar\u00e1 vigente hasta el 30 de septiembre. Para este subsidio, el Ministerio de Finanzas utilizar\u00e1 Q200 millones de los saldos de caja para reorientarlos al Ministerio de Energ\u00eda y Minas y que sea este el que otorgue la contribuci\u00f3n a los usuarios de veh\u00edculos que funcionan a base de di\u00e9sel. Adem\u00e1s, en la misma sesi\u00f3n plenaria, 105 congresistas decidieron modificar la tarifa social para la electricidad. Actualmente los hogares que consumen menos de cien kilovatios hora pueden acceder a este apoyo, pero a partir de que el Decreto 43-2022 \u2013aprobado ayer\u2013 cobre vigencia, los hogares favorecidos ser\u00e1n los que consuman menos de 125 kilovatios por hora. Para brindar ese apoyo social, el Congreso realiz\u00f3 una ampliaci\u00f3n al Presupuesto por Q227.5 millones. La modificaci\u00f3n cobrar\u00e1 vigencia a partir del 1 de septiembre. Seg\u00fan el Instituto Nacional de Electrificaci\u00f3n (INDE), alrededor de 274 mil hogares ser\u00e1n beneficiados con la aprobaci\u00f3n de la ampliaci\u00f3n a la tarifa de electrificaci\u00f3n; estos hogares se suman a los 177 mil en los que se consumen menos de cien kilovatios hora. (El Peri\u00f3dico\/La Hora\/Prensa Libre 11.08.22)<\/p>\n","protected":false},"excerpt":{"rendered":"<p>El pleno del Congreso de la Rep\u00fablica aprob\u00f3 ayer la ampliaci\u00f3n del aporte social de la tarifa el\u00e9ctrica y el subsidio para di\u00e9sel, autorizando que sean destinados Q427.5 millones para otorgar esos \u201cbeneficios sociales\u201d.&#46;&#46;&#46;<\/p>\n","protected":false},"author":1,"featured_media":49278,"comment_status":"open","ping_status":"closed","sticky":false,"template":"","format":"standard","meta":{"footnotes":""},"categories":[46],"tags":[523,292],"class_list":["post-54278","post","type-post","status-publish","format-standard","has-post-thumbnail","hentry","category-inflacion","tag-congreso","tag-inde"],"_links":{"self":[{"href":"https:\/\/copades.com\/monec\/index.php?rest_route=\/wp\/v2\/posts\/54278","targetHints":{"allow":["GET"]}}],"collection":[{"href":"https:\/\/copades.com\/monec\/index.php?rest_route=\/wp\/v2\/posts"}],"about":[{"href":"https:\/\/copades.com\/monec\/index.php?rest_route=\/wp\/v2\/types\/post"}],"author":[{"embeddable":true,"href":"https:\/\/copades.com\/monec\/index.php?rest_route=\/wp\/v2\/users\/1"}],"replies":[{"embeddable":true,"href":"https:\/\/copades.com\/monec\/index.php?rest_route=%2Fwp%2Fv2%2Fcomments&post=54278"}],"version-history":[{"count":1,"href":"https:\/\/copades.com\/monec\/index.php?rest_route=\/wp\/v2\/posts\/54278\/revisions"}],"predecessor-version":[{"id":54279,"href":"https:\/\/copades.com\/monec\/index.php?rest_route=\/wp\/v2\/posts\/54278\/revisions\/54279"}],"wp:featuredmedia":[{"embeddable":true,"href":"https:\/\/copades.com\/monec\/index.php?rest_route=\/wp\/v2\/media\/49278"}],"wp:attachment":[{"href":"https:\/\/copades.com\/monec\/index.php?rest_route=%2Fwp%2Fv2%2Fmedia&parent=54278"}],"wp:term":[{"taxonomy":"category","embeddable":true,"href":"https:\/\/copades.com\/monec\/index.php?rest_route=%2Fwp%2Fv2%2Fcategories&post=54278"},{"taxonomy":"post_tag","embeddable":true,"href":"https:\/\/copades.com\/monec\/index.php?rest_route=%2Fwp%2Fv2%2Ftags&post=54278"}],"curies":[{"name":"wp","href":"https:\/\/api.w.org\/{rel}","templated":true}]}}