{"id":5431,"date":"2013-02-01T16:45:21","date_gmt":"2013-02-01T16:45:21","guid":{"rendered":"http:\/\/copades.com\/monec\/?p=5431"},"modified":"2013-02-01T16:45:21","modified_gmt":"2013-02-01T16:45:21","slug":"piden-apoyo-para-negocios","status":"publish","type":"post","link":"https:\/\/copades.com\/monec\/?p=5431","title":{"rendered":"Piden apoyo para negocios"},"content":{"rendered":"<p style=\"text-align: justify;\">La C\u00e1mara de Comercio Guatemalteco Americana (<em>AmCham<\/em>) pidi\u00f3 el 31 de enero, al presidente Otto P\u00e9rez su apoyo para mejorar el clima de negocios del pa\u00eds por medio de la colaboraci\u00f3n con el sector empresarial y propiciar la reducci\u00f3n de conflictos \u201cinnecesarios\u201d como en el caso del provocado por la <em>Ley de Aduanas<\/em>. Durante un desayuno informativo denominado \u201cII Encuentro presidencial\u201d, <strong>Jeffry Paul<\/strong>, presidente de la entidad, invit\u00f3 a <strong>P\u00e9rez<\/strong> a tomar en cuenta el parecer del empresariado en algunas de las iniciativas, as\u00ed como la legislaci\u00f3n. \u201cEs imprescindible hacer nuestra tarea, pero no por medio de una ley (Ley de Desarrollo Rural) que enmarque todo en el \u00e1rea rural y agricultura, que no ha funcionado y que atenta contra la inversi\u00f3n privada que buscamos proteger e implementar\u201d, afirm\u00f3 <strong>Paul<\/strong>. (Prensa Libre\/Siglo XXI\/Diario de Centroamerica 01.02.13)<\/p>\n","protected":false},"excerpt":{"rendered":"<p>La C\u00e1mara de Comercio Guatemalteco Americana (AmCham) pidi\u00f3 el 31 de enero, al presidente Otto P\u00e9rez su apoyo para mejorar el clima de negocios del pa\u00eds por medio de la colaboraci\u00f3n con el sector&#46;&#46;&#46;<\/p>\n","protected":false},"author":1,"featured_media":0,"comment_status":"open","ping_status":"closed","sticky":false,"template":"","format":"standard","meta":{"footnotes":""},"categories":[24,25],"tags":[367],"class_list":["post-5431","post","type-post","status-publish","format-standard","hentry","category-comercio-exterior","category-comercio-exterior-3","tag-amcham"],"_links":{"self":[{"href":"https:\/\/copades.com\/monec\/index.php?rest_route=\/wp\/v2\/posts\/5431","targetHints":{"allow":["GET"]}}],"collection":[{"href":"https:\/\/copades.com\/monec\/index.php?rest_route=\/wp\/v2\/posts"}],"about":[{"href":"https:\/\/copades.com\/monec\/index.php?rest_route=\/wp\/v2\/types\/post"}],"author":[{"embeddable":true,"href":"https:\/\/copades.com\/monec\/index.php?rest_route=\/wp\/v2\/users\/1"}],"replies":[{"embeddable":true,"href":"https:\/\/copades.com\/monec\/index.php?rest_route=%2Fwp%2Fv2%2Fcomments&post=5431"}],"version-history":[{"count":1,"href":"https:\/\/copades.com\/monec\/index.php?rest_route=\/wp\/v2\/posts\/5431\/revisions"}],"predecessor-version":[{"id":5432,"href":"https:\/\/copades.com\/monec\/index.php?rest_route=\/wp\/v2\/posts\/5431\/revisions\/5432"}],"wp:attachment":[{"href":"https:\/\/copades.com\/monec\/index.php?rest_route=%2Fwp%2Fv2%2Fmedia&parent=5431"}],"wp:term":[{"taxonomy":"category","embeddable":true,"href":"https:\/\/copades.com\/monec\/index.php?rest_route=%2Fwp%2Fv2%2Fcategories&post=5431"},{"taxonomy":"post_tag","embeddable":true,"href":"https:\/\/copades.com\/monec\/index.php?rest_route=%2Fwp%2Fv2%2Ftags&post=5431"}],"curies":[{"name":"wp","href":"https:\/\/api.w.org\/{rel}","templated":true}]}}