{"id":54328,"date":"2022-08-16T12:31:02","date_gmt":"2022-08-16T18:31:02","guid":{"rendered":"https:\/\/copades.com\/monec\/?p=54328"},"modified":"2022-08-16T12:31:02","modified_gmt":"2022-08-16T18:31:02","slug":"el-empleo-juvenil-sin-recuperarse-desde-la-pandemia","status":"publish","type":"post","link":"https:\/\/copades.com\/monec\/?p=54328","title":{"rendered":"El empleo juvenil, sin recuperarse desde la pandemia"},"content":{"rendered":"<p style=\"text-align: justify;\">La pandemia de COVID-19 ha perjudicado a los j\u00f3venes m\u00e1s que a ning\u00fan otro grupo de edad en t\u00e9rminos laborales y ha provocado que la proporci\u00f3n del grupo de edad entre 15 y 24 a\u00f1os que ni trabajan ni estudian haya sido la m\u00e1s alta de los \u00faltimos 15 a\u00f1os. Seg\u00fan los \u00faltimos datos disponibles, los j\u00f3venes desempleados o que no siguen ning\u00fan programa educativo o de formaci\u00f3n (j\u00f3venes \u201cnini\u201d) representaron en 2020 el 23.3 por ciento del total, un 1.5 por ciento m\u00e1s que el a\u00f1o anterior, dijo la Organizaci\u00f3n Internacional del Trabajo (OIT). Un informe con los \u00faltimos datos sobre la situaci\u00f3n del empleo juvenil en el mundo presentado por la OIT sostiene que los j\u00f3venes corren el riesgo de que sus oportunidades y logros en el mercado de trabajo se sigan mermando en el futuro a menos que se apliquen pol\u00edticas concretas para impedirlo. Las informaciones de distintas partes del mundo indicar\u00edan que la proporci\u00f3n de \u201cninis\u201d sigue creciendo en un contexto econ\u00f3mico internacional muy incierto, coment\u00f3 el analista del empleo, Niall O\u2019Higgins. La brecha de g\u00e9nero se refleja en las estad\u00edsticas de los \u201cninis\u201d porque las j\u00f3venes mujeres tienen una probabilidad m\u00e1s alta de estar en esta condici\u00f3n que los j\u00f3venes hombres. (El Peri\u00f3dico 16.08.22)<\/p>\n","protected":false},"excerpt":{"rendered":"<p>La pandemia de COVID-19 ha perjudicado a los j\u00f3venes m\u00e1s que a ning\u00fan otro grupo de edad en t\u00e9rminos laborales y ha provocado que la proporci\u00f3n del grupo de edad entre 15 y 24&#46;&#46;&#46;<\/p>\n","protected":false},"author":1,"featured_media":49153,"comment_status":"open","ping_status":"closed","sticky":false,"template":"","format":"standard","meta":{"footnotes":""},"categories":[55],"tags":[494],"class_list":["post-54328","post","type-post","status-publish","format-standard","has-post-thumbnail","hentry","category-internacionales-seleccion","tag-oit"],"_links":{"self":[{"href":"https:\/\/copades.com\/monec\/index.php?rest_route=\/wp\/v2\/posts\/54328","targetHints":{"allow":["GET"]}}],"collection":[{"href":"https:\/\/copades.com\/monec\/index.php?rest_route=\/wp\/v2\/posts"}],"about":[{"href":"https:\/\/copades.com\/monec\/index.php?rest_route=\/wp\/v2\/types\/post"}],"author":[{"embeddable":true,"href":"https:\/\/copades.com\/monec\/index.php?rest_route=\/wp\/v2\/users\/1"}],"replies":[{"embeddable":true,"href":"https:\/\/copades.com\/monec\/index.php?rest_route=%2Fwp%2Fv2%2Fcomments&post=54328"}],"version-history":[{"count":1,"href":"https:\/\/copades.com\/monec\/index.php?rest_route=\/wp\/v2\/posts\/54328\/revisions"}],"predecessor-version":[{"id":54329,"href":"https:\/\/copades.com\/monec\/index.php?rest_route=\/wp\/v2\/posts\/54328\/revisions\/54329"}],"wp:featuredmedia":[{"embeddable":true,"href":"https:\/\/copades.com\/monec\/index.php?rest_route=\/wp\/v2\/media\/49153"}],"wp:attachment":[{"href":"https:\/\/copades.com\/monec\/index.php?rest_route=%2Fwp%2Fv2%2Fmedia&parent=54328"}],"wp:term":[{"taxonomy":"category","embeddable":true,"href":"https:\/\/copades.com\/monec\/index.php?rest_route=%2Fwp%2Fv2%2Fcategories&post=54328"},{"taxonomy":"post_tag","embeddable":true,"href":"https:\/\/copades.com\/monec\/index.php?rest_route=%2Fwp%2Fv2%2Ftags&post=54328"}],"curies":[{"name":"wp","href":"https:\/\/api.w.org\/{rel}","templated":true}]}}