{"id":54578,"date":"2022-09-02T14:58:47","date_gmt":"2022-09-02T20:58:47","guid":{"rendered":"https:\/\/copades.com\/monec\/?p=54578"},"modified":"2022-09-05T15:01:49","modified_gmt":"2022-09-05T21:01:49","slug":"mineco-autoriza-otra-importacion-sin-aranceles","status":"publish","type":"post","link":"https:\/\/copades.com\/monec\/?p=54578","title":{"rendered":"Mineco autoriza otra importaci\u00f3n sin aranceles"},"content":{"rendered":"<p style=\"text-align: justify;\">El Ministerio de Econom\u00eda (Mineco), autoriz\u00f3 la importaci\u00f3n de un nuevo contingente de frijol, debido a que se agot\u00f3 el anterior, a mediados de julio para adquirir en el extranjero 7,500 toneladas m\u00e9tricas de frijol negro con 0% de derechos arancelarios, con el objetivo de cubrir la demanda de consumo en el pa\u00eds en medio de la crisis econ\u00f3mica internacional. Luego de terminarse lo importado, seg\u00fan el Ministerio de Agricultura, Ganader\u00eda y Alimentaci\u00f3n (MAGA), la producci\u00f3n nacional es insuficiente para cubrir la necesidad alimentaria, por ello se ha autorizado la importaci\u00f3n de un volumen adicional de 4,300 toneladas m\u00e9tricas para abastecer a la poblaci\u00f3n en lo que resta del presente a\u00f1o. Seg\u00fan el Acuerdo Ministerial No. 424-2022, la importaci\u00f3n de un volumen adicional de frijol negro ser\u00e1 a partir del 2 de septiembre hasta el 31 de diciembre; adem\u00e1s, se mantiene el 0% de arancel. El total autorizado para la importaci\u00f3n de este alimento b\u00e1sico para este a\u00f1o, bajo el 0% de arancel, corresponde a 11,800 toneladas m\u00e9tricas. (La Hora 02.09.22)<\/p>\n","protected":false},"excerpt":{"rendered":"<p>El Ministerio de Econom\u00eda (Mineco), autoriz\u00f3 la importaci\u00f3n de un nuevo contingente de frijol, debido a que se agot\u00f3 el anterior, a mediados de julio para adquirir en el extranjero 7,500 toneladas m\u00e9tricas de&#46;&#46;&#46;<\/p>\n","protected":false},"author":1,"featured_media":47874,"comment_status":"open","ping_status":"closed","sticky":false,"template":"","format":"standard","meta":{"footnotes":""},"categories":[24,34],"tags":[289,78],"class_list":["post-54578","post","type-post","status-publish","format-standard","has-post-thumbnail","hentry","category-comercio-exterior","category-importaciones","tag-maga","tag-mineco"],"_links":{"self":[{"href":"https:\/\/copades.com\/monec\/index.php?rest_route=\/wp\/v2\/posts\/54578","targetHints":{"allow":["GET"]}}],"collection":[{"href":"https:\/\/copades.com\/monec\/index.php?rest_route=\/wp\/v2\/posts"}],"about":[{"href":"https:\/\/copades.com\/monec\/index.php?rest_route=\/wp\/v2\/types\/post"}],"author":[{"embeddable":true,"href":"https:\/\/copades.com\/monec\/index.php?rest_route=\/wp\/v2\/users\/1"}],"replies":[{"embeddable":true,"href":"https:\/\/copades.com\/monec\/index.php?rest_route=%2Fwp%2Fv2%2Fcomments&post=54578"}],"version-history":[{"count":1,"href":"https:\/\/copades.com\/monec\/index.php?rest_route=\/wp\/v2\/posts\/54578\/revisions"}],"predecessor-version":[{"id":54579,"href":"https:\/\/copades.com\/monec\/index.php?rest_route=\/wp\/v2\/posts\/54578\/revisions\/54579"}],"wp:featuredmedia":[{"embeddable":true,"href":"https:\/\/copades.com\/monec\/index.php?rest_route=\/wp\/v2\/media\/47874"}],"wp:attachment":[{"href":"https:\/\/copades.com\/monec\/index.php?rest_route=%2Fwp%2Fv2%2Fmedia&parent=54578"}],"wp:term":[{"taxonomy":"category","embeddable":true,"href":"https:\/\/copades.com\/monec\/index.php?rest_route=%2Fwp%2Fv2%2Fcategories&post=54578"},{"taxonomy":"post_tag","embeddable":true,"href":"https:\/\/copades.com\/monec\/index.php?rest_route=%2Fwp%2Fv2%2Ftags&post=54578"}],"curies":[{"name":"wp","href":"https:\/\/api.w.org\/{rel}","templated":true}]}}