{"id":54580,"date":"2022-09-02T15:02:04","date_gmt":"2022-09-02T21:02:04","guid":{"rendered":"https:\/\/copades.com\/monec\/?p=54580"},"modified":"2022-09-05T15:03:25","modified_gmt":"2022-09-05T21:03:25","slug":"congreso-gestiona-nuevo-subsidio-al-gas-propano","status":"publish","type":"post","link":"https:\/\/copades.com\/monec\/?p=54580","title":{"rendered":"Congreso gestiona nuevo subsidio al gas propano"},"content":{"rendered":"<p style=\"text-align: justify;\">En la quincuag\u00e9sima segunda sesi\u00f3n ordinaria, el Pleno del Parlamento avanz\u00f3 en la discusi\u00f3n, en primer debate, de la iniciativa 6132, reformas a la Ley de Apoyo Social Temporal a los Consumidores de Gas Propano. Dichas reformas pretenden ampliar por dos meses el beneficio. El 31 de agosto reci\u00e9n pasado venci\u00f3 el apoyo econ\u00f3mico a este producto y, seg\u00fan los legisladores, la pr\u00f3xima semana convocar\u00e1n una sesi\u00f3n extraordinaria para conocer en segundo y tercer debate la propuesta en menci\u00f3n. La iniciativa es una propuesta de ayuda social, con la que el Gobierno espera extender el aporte econ\u00f3mico ante el alto precio de los cilindros, a fin de ofrecer un alivio econ\u00f3mico a las familias que a\u00fan no han logrado sobreponerse a la crisis causada por el Covid-19. Seg\u00fan la propuesta, el subsidio ser\u00eda de la siguiente manera: tambos de 10 libras tendr\u00edan un aporte de Q8; de 20, Q16; de 25, Q20, y de 35, Q28. (Diario de Centro Am\u00e9rica 02.09.22)<\/p>\n","protected":false},"excerpt":{"rendered":"<p>En la quincuag\u00e9sima segunda sesi\u00f3n ordinaria, el Pleno del Parlamento avanz\u00f3 en la discusi\u00f3n, en primer debate, de la iniciativa 6132, reformas a la Ley de Apoyo Social Temporal a los Consumidores de Gas&#46;&#46;&#46;<\/p>\n","protected":false},"author":1,"featured_media":50238,"comment_status":"open","ping_status":"closed","sticky":false,"template":"","format":"standard","meta":{"footnotes":""},"categories":[46],"tags":[523,987],"class_list":["post-54580","post","type-post","status-publish","format-standard","has-post-thumbnail","hentry","category-inflacion","tag-congreso","tag-gas-propano"],"_links":{"self":[{"href":"https:\/\/copades.com\/monec\/index.php?rest_route=\/wp\/v2\/posts\/54580","targetHints":{"allow":["GET"]}}],"collection":[{"href":"https:\/\/copades.com\/monec\/index.php?rest_route=\/wp\/v2\/posts"}],"about":[{"href":"https:\/\/copades.com\/monec\/index.php?rest_route=\/wp\/v2\/types\/post"}],"author":[{"embeddable":true,"href":"https:\/\/copades.com\/monec\/index.php?rest_route=\/wp\/v2\/users\/1"}],"replies":[{"embeddable":true,"href":"https:\/\/copades.com\/monec\/index.php?rest_route=%2Fwp%2Fv2%2Fcomments&post=54580"}],"version-history":[{"count":1,"href":"https:\/\/copades.com\/monec\/index.php?rest_route=\/wp\/v2\/posts\/54580\/revisions"}],"predecessor-version":[{"id":54581,"href":"https:\/\/copades.com\/monec\/index.php?rest_route=\/wp\/v2\/posts\/54580\/revisions\/54581"}],"wp:featuredmedia":[{"embeddable":true,"href":"https:\/\/copades.com\/monec\/index.php?rest_route=\/wp\/v2\/media\/50238"}],"wp:attachment":[{"href":"https:\/\/copades.com\/monec\/index.php?rest_route=%2Fwp%2Fv2%2Fmedia&parent=54580"}],"wp:term":[{"taxonomy":"category","embeddable":true,"href":"https:\/\/copades.com\/monec\/index.php?rest_route=%2Fwp%2Fv2%2Fcategories&post=54580"},{"taxonomy":"post_tag","embeddable":true,"href":"https:\/\/copades.com\/monec\/index.php?rest_route=%2Fwp%2Fv2%2Ftags&post=54580"}],"curies":[{"name":"wp","href":"https:\/\/api.w.org\/{rel}","templated":true}]}}