{"id":54660,"date":"2022-09-09T10:37:40","date_gmt":"2022-09-09T16:37:40","guid":{"rendered":"https:\/\/copades.com\/monec\/?p=54660"},"modified":"2022-09-12T10:39:45","modified_gmt":"2022-09-12T16:39:45","slug":"guatemala-e-israel-suscriben-tlc","status":"publish","type":"post","link":"https:\/\/copades.com\/monec\/?p=54660","title":{"rendered":"Guatemala e Israel suscriben TLC"},"content":{"rendered":"<p style=\"text-align: justify;\">Un Tratado de Libre Comercio (TLC), que estrecha los lazos comerciales entre Guatemala e Israel, fue firmado ayer por el ministro de Relaciones Exteriores, Mario B\u00facaro; la viceministra de Integraci\u00f3n y Comercio Exterior del Ministerio de Econom\u00eda, Mar\u00eda Luisa Flores, y la titular de Econom\u00eda e Industria israel\u00ed, <strong>Orna Barbivai<\/strong>. \u201cExportar con preferencias arancelarias siempre constituye una ventaja para Guatemala. Con este instrumento comercial los productores guatemaltecos tendr\u00e1n acceso a un mercado de consumo con alta capacidad de compra\u201d, destac\u00f3 el Ministerio de Relaciones Exteriores (Minex). El ingreso per c\u00e1pita de Israel, naci\u00f3n que tiene salida a las costas del mar Mediterr\u00e1neo, es de US $51 430.1, se detall\u00f3. Guatemala otorg\u00f3 a la contraparte acceso a art\u00edculos agr\u00edcolas como pl\u00e1ntulas, tomate en polvo, man\u00ed, aceites de oliva y de colza; chocolates, preparaciones de panader\u00eda (Matz\u00e1), frutas y hortalizas preparadas o en conserva, pasta de almendra, polvos para hornear y vinos. Tambi\u00e9n a productos industriales derivados del petr\u00f3leo, preparaciones de perfumer\u00eda e higiene, adhesivos, insumos agroqu\u00edmicos y manufacturas de caucho y cuero, as\u00ed como a manufacturas de aluminio, instrumentos agr\u00edcolas, aparatos de laboratorio, art\u00edculos musicales, muebles de madera, piezas de alumbrado y juguetes. Por su lado, Israel concedi\u00f3 al pa\u00eds el acceso a derivados industriales y una diversidad de bienes agr\u00edcolas. (Diario de Centro Am\u00e9rica\/La Hora\/Prensa Libre 09.09.22)<\/p>\n","protected":false},"excerpt":{"rendered":"<p>Un Tratado de Libre Comercio (TLC), que estrecha los lazos comerciales entre Guatemala e Israel, fue firmado ayer por el ministro de Relaciones Exteriores, Mario B\u00facaro; la viceministra de Integraci\u00f3n y Comercio Exterior del&#46;&#46;&#46;<\/p>\n","protected":false},"author":1,"featured_media":48786,"comment_status":"open","ping_status":"closed","sticky":false,"template":"","format":"standard","meta":{"footnotes":""},"categories":[24,36],"tags":[180,63],"class_list":["post-54660","post","type-post","status-publish","format-standard","has-post-thumbnail","hentry","category-comercio-exterior","category-tratados-de-libre-comercio","tag-minex","tag-tlc"],"_links":{"self":[{"href":"https:\/\/copades.com\/monec\/index.php?rest_route=\/wp\/v2\/posts\/54660","targetHints":{"allow":["GET"]}}],"collection":[{"href":"https:\/\/copades.com\/monec\/index.php?rest_route=\/wp\/v2\/posts"}],"about":[{"href":"https:\/\/copades.com\/monec\/index.php?rest_route=\/wp\/v2\/types\/post"}],"author":[{"embeddable":true,"href":"https:\/\/copades.com\/monec\/index.php?rest_route=\/wp\/v2\/users\/1"}],"replies":[{"embeddable":true,"href":"https:\/\/copades.com\/monec\/index.php?rest_route=%2Fwp%2Fv2%2Fcomments&post=54660"}],"version-history":[{"count":1,"href":"https:\/\/copades.com\/monec\/index.php?rest_route=\/wp\/v2\/posts\/54660\/revisions"}],"predecessor-version":[{"id":54661,"href":"https:\/\/copades.com\/monec\/index.php?rest_route=\/wp\/v2\/posts\/54660\/revisions\/54661"}],"wp:featuredmedia":[{"embeddable":true,"href":"https:\/\/copades.com\/monec\/index.php?rest_route=\/wp\/v2\/media\/48786"}],"wp:attachment":[{"href":"https:\/\/copades.com\/monec\/index.php?rest_route=%2Fwp%2Fv2%2Fmedia&parent=54660"}],"wp:term":[{"taxonomy":"category","embeddable":true,"href":"https:\/\/copades.com\/monec\/index.php?rest_route=%2Fwp%2Fv2%2Fcategories&post=54660"},{"taxonomy":"post_tag","embeddable":true,"href":"https:\/\/copades.com\/monec\/index.php?rest_route=%2Fwp%2Fv2%2Ftags&post=54660"}],"curies":[{"name":"wp","href":"https:\/\/api.w.org\/{rel}","templated":true}]}}