{"id":54716,"date":"2022-09-14T12:25:58","date_gmt":"2022-09-14T18:25:58","guid":{"rendered":"https:\/\/copades.com\/monec\/?p=54716"},"modified":"2022-09-23T12:27:49","modified_gmt":"2022-09-23T18:27:49","slug":"maga-busca-consolidar-exportaciones-de-bambu","status":"publish","type":"post","link":"https:\/\/copades.com\/monec\/?p=54716","title":{"rendered":"MAGA busca consolidar exportaciones de bamb\u00fa"},"content":{"rendered":"<p style=\"text-align: justify;\">El viceministro de Desarrollo Econ\u00f3mico Rural del Ministerio de Agricultura, Ganader\u00eda y Alimentaci\u00f3n (MAGA), <strong>\u00c9dgar de Le\u00f3n<\/strong>, se reuni\u00f3 con empresarios japoneses para analizar posibles alianzas orientadas a la expansi\u00f3n comercial y competitiva del bamb\u00fa en el \u00e1mbito internacional. \u201cEn el encuentro se resaltaron las bondades de este cultivo, como potencial para ser utilizado en la industria qu\u00edmica y en los sectores agr\u00edcola, construcci\u00f3n y energ\u00eda el\u00e9ctrica en el extranjero\u201d, se detall\u00f3. El empresario japon\u00e9s <strong>Haruhiko Ohya<\/strong> calific\u00f3 de fruct\u00edfera la conversaci\u00f3n con las autoridades del ministerio, \u201cporque fue un espacio que contribuy\u00f3 a incrementar las relaciones comerciales entre su pa\u00eds y Guatemala y a fortalecer la gobernanza de los recursos naturales\u201d. A la fecha, el MAGA brinda asistencia t\u00e9cnica a productores, en 12 mil hect\u00e1reas de plantaciones de bamb\u00fa, ubicadas en Guatemala, Alta y Baja Verapaz, Escuintla, Retalhuleu, Quetzaltenango, Zacapa y Pet\u00e9n y otras \u00e1reas con condiciones clim\u00e1ticas propicias para el cultivo. (Diario de Centro Am\u00e9rica 14.09.22)<\/p>\n","protected":false},"excerpt":{"rendered":"<p>El viceministro de Desarrollo Econ\u00f3mico Rural del Ministerio de Agricultura, Ganader\u00eda y Alimentaci\u00f3n (MAGA), \u00c9dgar de Le\u00f3n, se reuni\u00f3 con empresarios japoneses para analizar posibles alianzas orientadas a la expansi\u00f3n comercial y competitiva del&#46;&#46;&#46;<\/p>\n","protected":false},"author":1,"featured_media":54717,"comment_status":"open","ping_status":"closed","sticky":false,"template":"","format":"standard","meta":{"footnotes":""},"categories":[24,33],"tags":[7891,289],"class_list":["post-54716","post","type-post","status-publish","format-standard","has-post-thumbnail","hentry","category-comercio-exterior","category-exportaciones-no-tradicionales-al-resto-del-mundo","tag-bambu","tag-maga"],"_links":{"self":[{"href":"https:\/\/copades.com\/monec\/index.php?rest_route=\/wp\/v2\/posts\/54716","targetHints":{"allow":["GET"]}}],"collection":[{"href":"https:\/\/copades.com\/monec\/index.php?rest_route=\/wp\/v2\/posts"}],"about":[{"href":"https:\/\/copades.com\/monec\/index.php?rest_route=\/wp\/v2\/types\/post"}],"author":[{"embeddable":true,"href":"https:\/\/copades.com\/monec\/index.php?rest_route=\/wp\/v2\/users\/1"}],"replies":[{"embeddable":true,"href":"https:\/\/copades.com\/monec\/index.php?rest_route=%2Fwp%2Fv2%2Fcomments&post=54716"}],"version-history":[{"count":1,"href":"https:\/\/copades.com\/monec\/index.php?rest_route=\/wp\/v2\/posts\/54716\/revisions"}],"predecessor-version":[{"id":54718,"href":"https:\/\/copades.com\/monec\/index.php?rest_route=\/wp\/v2\/posts\/54716\/revisions\/54718"}],"wp:featuredmedia":[{"embeddable":true,"href":"https:\/\/copades.com\/monec\/index.php?rest_route=\/wp\/v2\/media\/54717"}],"wp:attachment":[{"href":"https:\/\/copades.com\/monec\/index.php?rest_route=%2Fwp%2Fv2%2Fmedia&parent=54716"}],"wp:term":[{"taxonomy":"category","embeddable":true,"href":"https:\/\/copades.com\/monec\/index.php?rest_route=%2Fwp%2Fv2%2Fcategories&post=54716"},{"taxonomy":"post_tag","embeddable":true,"href":"https:\/\/copades.com\/monec\/index.php?rest_route=%2Fwp%2Fv2%2Ftags&post=54716"}],"curies":[{"name":"wp","href":"https:\/\/api.w.org\/{rel}","templated":true}]}}