{"id":5478,"date":"2013-02-06T16:14:49","date_gmt":"2013-02-06T16:14:49","guid":{"rendered":"http:\/\/copades.com\/monec\/?p=5478"},"modified":"2013-02-06T16:14:49","modified_gmt":"2013-02-06T16:14:49","slug":"donan-q120-millones-para-generar-empleo","status":"publish","type":"post","link":"https:\/\/copades.com\/monec\/?p=5478","title":{"rendered":"Donan Q120 millones para generar empleo"},"content":{"rendered":"<p style=\"text-align: justify;\">La Uni\u00f3n Europea (UE) firm\u00f3 el 05 de febrero, la donaci\u00f3n de Q.120 millones, unos \u20ac12 millones, para impulsar el programa de <em>Generaci\u00f3n de Empleo y Educaci\u00f3n Vocacional para J\u00f3venes<\/em>. Asimismo el Gobierno guatemalteco aportar\u00e1 otro Q20 millones para el fortalecimiento del programa. Para ello, la UE y el Ministerio de Econom\u00eda (MINECO) suscribieron un convenio de cooperaci\u00f3n, el cual permitir\u00e1 generar e identificar oportunidades de trabajo decente para los miles de j\u00f3venes que est\u00e1n desempleados.\u00a0 Los encargados de firmar el convenio fueron: la directora de Cooperaci\u00f3n para Am\u00e9rica Latina y el Caribe de la Comisi\u00f3n Europea, <strong>Jolita Butkeviciene<\/strong>; el ministro de Econom\u00eda, <strong>Sergio de la Torre<\/strong>; y <strong>Ekaterina Parrilla<\/strong>, titular de la Secretar\u00eda de Planificaci\u00f3n y Programaci\u00f3n de la Presidencia (SEGEPLAN). (Siglo XXI\/El Periodico\/Diario de Centroamerica 06.02.13)<\/p>\n","protected":false},"excerpt":{"rendered":"<p>La Uni\u00f3n Europea (UE) firm\u00f3 el 05 de febrero, la donaci\u00f3n de Q.120 millones, unos \u20ac12 millones, para impulsar el programa de Generaci\u00f3n de Empleo y Educaci\u00f3n Vocacional para J\u00f3venes. Asimismo el Gobierno guatemalteco&#46;&#46;&#46;<\/p>\n","protected":false},"author":1,"featured_media":0,"comment_status":"open","ping_status":"closed","sticky":false,"template":"","format":"standard","meta":{"footnotes":""},"categories":[44],"tags":[78],"class_list":["post-5478","post","type-post","status-publish","format-standard","hentry","category-cooperacion-internacional","tag-mineco"],"_links":{"self":[{"href":"https:\/\/copades.com\/monec\/index.php?rest_route=\/wp\/v2\/posts\/5478","targetHints":{"allow":["GET"]}}],"collection":[{"href":"https:\/\/copades.com\/monec\/index.php?rest_route=\/wp\/v2\/posts"}],"about":[{"href":"https:\/\/copades.com\/monec\/index.php?rest_route=\/wp\/v2\/types\/post"}],"author":[{"embeddable":true,"href":"https:\/\/copades.com\/monec\/index.php?rest_route=\/wp\/v2\/users\/1"}],"replies":[{"embeddable":true,"href":"https:\/\/copades.com\/monec\/index.php?rest_route=%2Fwp%2Fv2%2Fcomments&post=5478"}],"version-history":[{"count":1,"href":"https:\/\/copades.com\/monec\/index.php?rest_route=\/wp\/v2\/posts\/5478\/revisions"}],"predecessor-version":[{"id":5479,"href":"https:\/\/copades.com\/monec\/index.php?rest_route=\/wp\/v2\/posts\/5478\/revisions\/5479"}],"wp:attachment":[{"href":"https:\/\/copades.com\/monec\/index.php?rest_route=%2Fwp%2Fv2%2Fmedia&parent=5478"}],"wp:term":[{"taxonomy":"category","embeddable":true,"href":"https:\/\/copades.com\/monec\/index.php?rest_route=%2Fwp%2Fv2%2Fcategories&post=5478"},{"taxonomy":"post_tag","embeddable":true,"href":"https:\/\/copades.com\/monec\/index.php?rest_route=%2Fwp%2Fv2%2Ftags&post=5478"}],"curies":[{"name":"wp","href":"https:\/\/api.w.org\/{rel}","templated":true}]}}