{"id":54828,"date":"2022-09-26T13:59:28","date_gmt":"2022-09-26T19:59:28","guid":{"rendered":"https:\/\/copades.com\/monec\/?p=54828"},"modified":"2022-09-26T13:59:28","modified_gmt":"2022-09-26T19:59:28","slug":"se-estabiliza-distribucion-de-paqueteria","status":"publish","type":"post","link":"https:\/\/copades.com\/monec\/?p=54828","title":{"rendered":"Se estabiliza distribuci\u00f3n de paqueter\u00eda"},"content":{"rendered":"<p style=\"text-align: justify;\">A ra\u00edz de la crisis de la cadena log\u00edstica mar\u00edtima internacional se registr\u00f3 un aumento de la demanda de transporte a\u00e9reo de carga. Esto trajo como consecuencia que las aerol\u00edneas priorizaran los mercados m\u00e1s rentables y deriv\u00f3 en retrasos en entregas courier para Guatemala, de hasta 72. Sin embargo, poco a poco el gremio comienza a recuperar su promedio previo a la crisis, de 24 horas. Seg\u00fan <strong>Jorge G\u00f3mez<\/strong>, director ejecutivo del Comit\u00e9 de Operaci\u00f3n de la bodega de Carga A\u00e9rea (Combex-Im), hace un a\u00f1o, cuando se produjo una escasez de vuelos ante el aumento de demanda de transporte a\u00e9reo de carga, los tiempos de entrega de paqueter\u00eda se triplic\u00f3, y tom\u00f3 aproximadamente nueves meses para bajar a un promedio de 48 horas. \u201cLos tiempos han ido mejorando de lo que hace un a\u00f1o cuando lleg\u00f3 a 72 horas por la escasez de vuelos. Ahora estamos pr\u00e1cticamente regresando a 24 horas\u201d, dijo G\u00f3mez. Seg\u00fan el director ejecutivo de Combex-im, la recuperaci\u00f3n de tiempos de entrega tiene que ver con la eficiencia en la infraestructura log\u00edstica, la agilizaci\u00f3n y simplificaci\u00f3n de procesos aduaneros que ha resultado del trabajo conjunto entre el gremio de courier y la Superintendencia de Administraci\u00f3n Tributaria (SAT). <strong>Lester Cerna<\/strong>, gerente general de Bingua.com, plataforma de comercio electr\u00f3nico que cuenta con servicios de paqueter\u00eda, dijo que en su caso han logrado mantener el tiempo de importaci\u00f3n en el lapso de las 24 horas, y que \u00fanicamente algunas veces experimentaron algunas horas de retraso. Sin embargo, reconoci\u00f3 que el generalizado aumento de la demanda del servicio a\u00e9reo de carga provoc\u00f3 en alg\u00fan momento la saturaci\u00f3n del tr\u00e1fico y retardos. (Prensa Libre 26.09.22)<\/p>\n","protected":false},"excerpt":{"rendered":"<p>A ra\u00edz de la crisis de la cadena log\u00edstica mar\u00edtima internacional se registr\u00f3 un aumento de la demanda de transporte a\u00e9reo de carga. Esto trajo como consecuencia que las aerol\u00edneas priorizaran los mercados m\u00e1s&#46;&#46;&#46;<\/p>\n","protected":false},"author":1,"featured_media":49900,"comment_status":"open","ping_status":"closed","sticky":false,"template":"","format":"standard","meta":{"footnotes":""},"categories":[5,22],"tags":[1944,79],"class_list":["post-54828","post","type-post","status-publish","format-standard","has-post-thumbnail","hentry","category-actividad-productiva","category-transporte-y-almacenamiento","tag-combex-im","tag-sat"],"_links":{"self":[{"href":"https:\/\/copades.com\/monec\/index.php?rest_route=\/wp\/v2\/posts\/54828","targetHints":{"allow":["GET"]}}],"collection":[{"href":"https:\/\/copades.com\/monec\/index.php?rest_route=\/wp\/v2\/posts"}],"about":[{"href":"https:\/\/copades.com\/monec\/index.php?rest_route=\/wp\/v2\/types\/post"}],"author":[{"embeddable":true,"href":"https:\/\/copades.com\/monec\/index.php?rest_route=\/wp\/v2\/users\/1"}],"replies":[{"embeddable":true,"href":"https:\/\/copades.com\/monec\/index.php?rest_route=%2Fwp%2Fv2%2Fcomments&post=54828"}],"version-history":[{"count":1,"href":"https:\/\/copades.com\/monec\/index.php?rest_route=\/wp\/v2\/posts\/54828\/revisions"}],"predecessor-version":[{"id":54829,"href":"https:\/\/copades.com\/monec\/index.php?rest_route=\/wp\/v2\/posts\/54828\/revisions\/54829"}],"wp:featuredmedia":[{"embeddable":true,"href":"https:\/\/copades.com\/monec\/index.php?rest_route=\/wp\/v2\/media\/49900"}],"wp:attachment":[{"href":"https:\/\/copades.com\/monec\/index.php?rest_route=%2Fwp%2Fv2%2Fmedia&parent=54828"}],"wp:term":[{"taxonomy":"category","embeddable":true,"href":"https:\/\/copades.com\/monec\/index.php?rest_route=%2Fwp%2Fv2%2Fcategories&post=54828"},{"taxonomy":"post_tag","embeddable":true,"href":"https:\/\/copades.com\/monec\/index.php?rest_route=%2Fwp%2Fv2%2Ftags&post=54828"}],"curies":[{"name":"wp","href":"https:\/\/api.w.org\/{rel}","templated":true}]}}