{"id":54865,"date":"2022-09-28T10:53:42","date_gmt":"2022-09-28T16:53:42","guid":{"rendered":"https:\/\/copades.com\/monec\/?p=54865"},"modified":"2022-09-28T10:53:42","modified_gmt":"2022-09-28T16:53:42","slug":"banguat-busca-reducir-encarecimiento","status":"publish","type":"post","link":"https:\/\/copades.com\/monec\/?p=54865","title":{"rendered":"Banguat busca reducir encarecimiento"},"content":{"rendered":"<p style=\"text-align: justify;\">La Junta Monetaria (JM) aument\u00f3 la tasa de inter\u00e9s l\u00edder a 3 por ciento, por cuarta vez en el a\u00f1o, y seg\u00fan el experto del \u00e1rea de an\u00e1lisis macrofiscal del lnstituto Centroamericano de Estudios Fiscales (Icefi), Abelardo Medina, la estrategia surge en la b\u00fasqueda de reducir el crecimiento del nivel de precios. \u201cCuando se eleva la tasa de inter\u00e9s l\u00edder se encarece el cr\u00e9dito y al suceder eso la poblaci\u00f3n compra e invierte menos, pero la inflaci\u00f3n se reduce; por lo anterior, el Banco de Guatemala (Banguat) est\u00e1 dando prioridad al tema, por el potencial impacto que pudiera causar sobre la producci\u00f3n y el empleo\u201d, resalt\u00f3 Medina. Agreg\u00f3 que con ello se busca mantener la estabilidad financiera del pa\u00eds, lo que implica conservar niveles bajos de inflaci\u00f3n, as\u00ed como un sistema s\u00f3lido bancario, para evitar sobresaltos y un comportamiento predecible en cuanto al tipo de cambio. A decir del analista, en el pa\u00eds se tiene una inflaci\u00f3n importada, por el incremento de los precios como consecuencia del conflicto entre Rusia y Ucrania; adem\u00e1s, por la expansi\u00f3n del gasto que tuvieron los pa\u00edses desarrollados durante el a\u00f1o anterior, para compensar la ca\u00edda que se dio en la producci\u00f3n mundial. En sesi\u00f3n celebrada el 21 de septiembre, la JM, basada en el an\u00e1lisis integral de la coyuntura econ\u00f3mica externa e interna, elev\u00f3 en 25 puntos b\u00e1sicos de 2.75 a 3 por ciento la tasa de inter\u00e9s l\u00edder de pol\u00edtica monetaria. (Diario de Centro Am\u00e9rica 28.09.22)<\/p>\n","protected":false},"excerpt":{"rendered":"<p>La Junta Monetaria (JM) aument\u00f3 la tasa de inter\u00e9s l\u00edder a 3 por ciento, por cuarta vez en el a\u00f1o, y seg\u00fan el experto del \u00e1rea de an\u00e1lisis macrofiscal del lnstituto Centroamericano de Estudios&#46;&#46;&#46;<\/p>\n","protected":false},"author":1,"featured_media":49148,"comment_status":"open","ping_status":"closed","sticky":false,"template":"","format":"standard","meta":{"footnotes":""},"categories":[3],"tags":[92,126,101],"class_list":["post-54865","post","type-post","status-publish","format-standard","has-post-thumbnail","hentry","category-actividad-financiera","tag-banguat","tag-icefi","tag-jm"],"_links":{"self":[{"href":"https:\/\/copades.com\/monec\/index.php?rest_route=\/wp\/v2\/posts\/54865","targetHints":{"allow":["GET"]}}],"collection":[{"href":"https:\/\/copades.com\/monec\/index.php?rest_route=\/wp\/v2\/posts"}],"about":[{"href":"https:\/\/copades.com\/monec\/index.php?rest_route=\/wp\/v2\/types\/post"}],"author":[{"embeddable":true,"href":"https:\/\/copades.com\/monec\/index.php?rest_route=\/wp\/v2\/users\/1"}],"replies":[{"embeddable":true,"href":"https:\/\/copades.com\/monec\/index.php?rest_route=%2Fwp%2Fv2%2Fcomments&post=54865"}],"version-history":[{"count":1,"href":"https:\/\/copades.com\/monec\/index.php?rest_route=\/wp\/v2\/posts\/54865\/revisions"}],"predecessor-version":[{"id":54866,"href":"https:\/\/copades.com\/monec\/index.php?rest_route=\/wp\/v2\/posts\/54865\/revisions\/54866"}],"wp:featuredmedia":[{"embeddable":true,"href":"https:\/\/copades.com\/monec\/index.php?rest_route=\/wp\/v2\/media\/49148"}],"wp:attachment":[{"href":"https:\/\/copades.com\/monec\/index.php?rest_route=%2Fwp%2Fv2%2Fmedia&parent=54865"}],"wp:term":[{"taxonomy":"category","embeddable":true,"href":"https:\/\/copades.com\/monec\/index.php?rest_route=%2Fwp%2Fv2%2Fcategories&post=54865"},{"taxonomy":"post_tag","embeddable":true,"href":"https:\/\/copades.com\/monec\/index.php?rest_route=%2Fwp%2Fv2%2Ftags&post=54865"}],"curies":[{"name":"wp","href":"https:\/\/api.w.org\/{rel}","templated":true}]}}