{"id":54875,"date":"2022-09-28T11:05:21","date_gmt":"2022-09-28T17:05:21","guid":{"rendered":"https:\/\/copades.com\/monec\/?p=54875"},"modified":"2022-09-28T11:05:21","modified_gmt":"2022-09-28T17:05:21","slug":"gasoductos-nord-stream-sufren-fugas-en-el-baltico","status":"publish","type":"post","link":"https:\/\/copades.com\/monec\/?p=54875","title":{"rendered":"Gasoductos Nord Stream sufren fugas en el B\u00e1ltico"},"content":{"rendered":"<p style=\"text-align: justify;\">Los dos gasoductos <em>Nord Stream<\/em>, que conectan Rusia y Alemania a trav\u00e9s del B\u00e1ltico, sufrieron gigantescas fugas ayer, precedidas de explosiones, atribuidas por Dinamarca a \u201cactos deliberados\u201d. Las tres grandes fugas identificadas desde el lunes cerca de la isla danesa de Bornholm son visibles desde la superficie, y causaron burbujas de hasta un kil\u00f3metro de di\u00e1metro, anunci\u00f3 el Ej\u00e9rcito dan\u00e9s, en un comunicado acompa\u00f1ado por im\u00e1genes impresionantes. \u201cLa clara valoraci\u00f3n de las autoridades es que se trata de un acto intencionado y no de un accidente\u201d, dijo en rueda de prensa la primera ministra danesa, <strong>Mette Frederiksen<\/strong>. Su hom\u00f3nima sueca, Magdalena Andersson, concluy\u00f3 en Estocolmo, que \u201cprobablemente\u201d lo ocurrido obedezca a un \u201csabotaje\u201d. El argumento es la profundidad de las aguas y tambi\u00e9n el hecho de que los agujeros por los que est\u00e1 escapando el gas son \u201cdemasiado grandes\u201d como para deberse a un accidente. El Gobierno de Dinamarca estima que las fugas en los ductos, no operativos por la guerra de Ucrania, pero llenos de gas, podr\u00edan durar \u201cal menos una semana\u201d, hasta que se agote el metano que est\u00e1 escapando de los conductos submarinos. El <em>Nord Stream 2<\/em> fue el primero en sufrir desperfectos el lunes. El martes, el <em>Nord Stream 1<\/em>. El gasoducto <em>Nord Stream 1<\/em> interrumpi\u00f3 los suministros hace semanas tras alegar Rusia una fuga de aceite en la \u00fanica estaci\u00f3n compresora rusa que a\u00fan operaba. El <em>Nord Stream 2<\/em> nunca estuvo en funcionamiento, ya que Alemania suspendi\u00f3 el proceso de autorizaci\u00f3n previo a la invasi\u00f3n rusa a Ucrania. (El Peri\u00f3dico 28.09.22)<\/p>\n<p>&nbsp;<\/p>\n","protected":false},"excerpt":{"rendered":"<p>Los dos gasoductos Nord Stream, que conectan Rusia y Alemania a trav\u00e9s del B\u00e1ltico, sufrieron gigantescas fugas ayer, precedidas de explosiones, atribuidas por Dinamarca a \u201cactos deliberados\u201d. Las tres grandes fugas identificadas desde el&#46;&#46;&#46;<\/p>\n","protected":false},"author":1,"featured_media":49920,"comment_status":"open","ping_status":"closed","sticky":false,"template":"","format":"standard","meta":{"footnotes":""},"categories":[55],"tags":[804,2657,7911,1648],"class_list":["post-54875","post","type-post","status-publish","format-standard","has-post-thumbnail","hentry","category-internacionales-seleccion","tag-alemania","tag-gasoducto","tag-nord-stream","tag-rusia"],"_links":{"self":[{"href":"https:\/\/copades.com\/monec\/index.php?rest_route=\/wp\/v2\/posts\/54875","targetHints":{"allow":["GET"]}}],"collection":[{"href":"https:\/\/copades.com\/monec\/index.php?rest_route=\/wp\/v2\/posts"}],"about":[{"href":"https:\/\/copades.com\/monec\/index.php?rest_route=\/wp\/v2\/types\/post"}],"author":[{"embeddable":true,"href":"https:\/\/copades.com\/monec\/index.php?rest_route=\/wp\/v2\/users\/1"}],"replies":[{"embeddable":true,"href":"https:\/\/copades.com\/monec\/index.php?rest_route=%2Fwp%2Fv2%2Fcomments&post=54875"}],"version-history":[{"count":1,"href":"https:\/\/copades.com\/monec\/index.php?rest_route=\/wp\/v2\/posts\/54875\/revisions"}],"predecessor-version":[{"id":54876,"href":"https:\/\/copades.com\/monec\/index.php?rest_route=\/wp\/v2\/posts\/54875\/revisions\/54876"}],"wp:featuredmedia":[{"embeddable":true,"href":"https:\/\/copades.com\/monec\/index.php?rest_route=\/wp\/v2\/media\/49920"}],"wp:attachment":[{"href":"https:\/\/copades.com\/monec\/index.php?rest_route=%2Fwp%2Fv2%2Fmedia&parent=54875"}],"wp:term":[{"taxonomy":"category","embeddable":true,"href":"https:\/\/copades.com\/monec\/index.php?rest_route=%2Fwp%2Fv2%2Fcategories&post=54875"},{"taxonomy":"post_tag","embeddable":true,"href":"https:\/\/copades.com\/monec\/index.php?rest_route=%2Fwp%2Fv2%2Ftags&post=54875"}],"curies":[{"name":"wp","href":"https:\/\/api.w.org\/{rel}","templated":true}]}}