{"id":54877,"date":"2022-09-29T12:45:06","date_gmt":"2022-09-29T18:45:06","guid":{"rendered":"https:\/\/copades.com\/monec\/?p=54877"},"modified":"2022-09-29T12:45:06","modified_gmt":"2022-09-29T18:45:06","slug":"panama-realizara-de-enero-a-marzo-de-2023-los-censos-de-poblacion-y-vivienda-2","status":"publish","type":"post","link":"https:\/\/copades.com\/monec\/?p=54877","title":{"rendered":"Panam\u00e1 realizar\u00e1 de enero a marzo de 2023 los censos de poblaci\u00f3n y vivienda"},"content":{"rendered":"<p style=\"text-align: justify;\">Panam\u00e1 realizar\u00e1 entre enero y marzo de 2023 los XII Censos Nacionales de Poblaci\u00f3n y VIII de Vivienda, que fueron suspendidos en 2020 a causa de la pandemia, con un costo de m\u00e1s de 54 millones de d\u00f3lares, inform\u00f3 este martes la\u00a0Contralor\u00eda General\u00a0del pa\u00eds centroamericano.\u00a0\u201cEs un censo que va a durar 56 d\u00edas, comenzando el 8 de enero\u201d, dijo el contralor general, Gerardo Sol\u00eds, quien destac\u00f3 que ser\u00e1 un proceso \u201c<strong>tecnol\u00f3gico\u00a0<\/strong>y amigable con el ambiente\u201d. El director del Instituto Nacional de Estad\u00edstica y Censo\u00a0<strong>(INEC),<\/strong> Samuel Moreno, precis\u00f3 que los XII Censos Nacionales de Poblaci\u00f3n y VIII de Vivienda tendr\u00e1n un costo de 54,7 millones de d\u00f3lares, de los cuales 20 millones ya fueron invertidos en la compra de equipos. La Contralor\u00eda precis\u00f3 en un comunicado que para el censo se utilizar\u00e1n 8.650\u00a0Dispositivos M\u00f3vil de Captura (DMC), que es un tipo de computadora de tama\u00f1o peque\u00f1o, con capacidades de procesamiento, conexi\u00f3n a internet, memoria y almacenamiento, que estar\u00e1n controlados y bloqueados para ejecutar solamente las aplicaciones<strong> censales.\u00a0<\/strong>Los alrededor de 7.000 empadronadores necesarios para la recolecci\u00f3n de los<strong>\u00a0datos\u00a0<\/strong>comenzar\u00e1n a ser reclutados en noviembre pr\u00f3ximo, mientras que su capacitaci\u00f3n se iniciar\u00e1 en diciembre. Tambi\u00e9n se requerir\u00e1 de 2.000 supervisores.<\/p>\n<p>Fuente: https:\/\/forbescentroamerica.com\/2022\/08\/16\/panama-realizara-de-enero-a-marzo-de-2023-los-censos-de-poblacion-y-vivienda<\/p>\n","protected":false},"excerpt":{"rendered":"<p>Panam\u00e1 realizar\u00e1 entre enero y marzo de 2023 los XII Censos Nacionales de Poblaci\u00f3n y VIII de Vivienda, que fueron suspendidos en 2020 a causa de la pandemia, con un costo de m\u00e1s de&#46;&#46;&#46;<\/p>\n","protected":false},"author":1,"featured_media":52166,"comment_status":"open","ping_status":"closed","sticky":false,"template":"","format":"standard","meta":{"footnotes":""},"categories":[54],"tags":[],"class_list":["post-54877","post","type-post","status-publish","format-standard","has-post-thumbnail","hentry","category-centroamerica-seleccion"],"_links":{"self":[{"href":"https:\/\/copades.com\/monec\/index.php?rest_route=\/wp\/v2\/posts\/54877","targetHints":{"allow":["GET"]}}],"collection":[{"href":"https:\/\/copades.com\/monec\/index.php?rest_route=\/wp\/v2\/posts"}],"about":[{"href":"https:\/\/copades.com\/monec\/index.php?rest_route=\/wp\/v2\/types\/post"}],"author":[{"embeddable":true,"href":"https:\/\/copades.com\/monec\/index.php?rest_route=\/wp\/v2\/users\/1"}],"replies":[{"embeddable":true,"href":"https:\/\/copades.com\/monec\/index.php?rest_route=%2Fwp%2Fv2%2Fcomments&post=54877"}],"version-history":[{"count":1,"href":"https:\/\/copades.com\/monec\/index.php?rest_route=\/wp\/v2\/posts\/54877\/revisions"}],"predecessor-version":[{"id":54878,"href":"https:\/\/copades.com\/monec\/index.php?rest_route=\/wp\/v2\/posts\/54877\/revisions\/54878"}],"wp:featuredmedia":[{"embeddable":true,"href":"https:\/\/copades.com\/monec\/index.php?rest_route=\/wp\/v2\/media\/52166"}],"wp:attachment":[{"href":"https:\/\/copades.com\/monec\/index.php?rest_route=%2Fwp%2Fv2%2Fmedia&parent=54877"}],"wp:term":[{"taxonomy":"category","embeddable":true,"href":"https:\/\/copades.com\/monec\/index.php?rest_route=%2Fwp%2Fv2%2Fcategories&post=54877"},{"taxonomy":"post_tag","embeddable":true,"href":"https:\/\/copades.com\/monec\/index.php?rest_route=%2Fwp%2Fv2%2Ftags&post=54877"}],"curies":[{"name":"wp","href":"https:\/\/api.w.org\/{rel}","templated":true}]}}