{"id":54882,"date":"2022-09-29T13:12:14","date_gmt":"2022-09-29T19:12:14","guid":{"rendered":"https:\/\/copades.com\/monec\/?p=54882"},"modified":"2022-09-29T13:12:14","modified_gmt":"2022-09-29T19:12:14","slug":"ministro-de-costa-rica-anuncia-medidas-arancelarias-reciprocas-contra-panama","status":"publish","type":"post","link":"https:\/\/copades.com\/monec\/?p=54882","title":{"rendered":"Ministro de Costa Rica anuncia medidas arancelarias rec\u00edprocas contra Panam\u00e1"},"content":{"rendered":"<p style=\"text-align: justify;\"><strong>El ministro de Comercio Exterior de Costa Rica, Manuel Tovar, anunci\u00f3 que el Gobierno prepara medidas arancelarias rec\u00edprocas contra Panam\u00e1 en el marco de una disputa comercial por el bloqueo al ingreso de productos l\u00e1cteos, c\u00e1rnicos y frutas costarricenses.\u00a0<\/strong>\u00abEstamos por definir medidas de retaliaci\u00f3n que nos habilita la legislaci\u00f3n internacional para retaliar a Panam\u00e1 e imponer impuestos de importaci\u00f3n a productos que entran al pa\u00eds libres de impuestos\u00bb, declar\u00f3 Tovar ante una pregunta de una diputada durante una comparecencia acerca del presupuesto de 2023. El ministro acus\u00f3 a Panam\u00e1 de \u00abdar atolillo con el dedo\u00bb (enga\u00f1ar) a Costa Rica y de \u00abno mostrar una genuina voluntad o inter\u00e9s de resolver\u00bb este conflicto. <strong>Seg\u00fan Tovar, Costa Rica ha realizado unas 70 gestiones ante el Gobierno de Panam\u00e1 que van desde la parte t\u00e9cnica hasta comunicaciones a nivel presidencial sin que se haya resuelto el problema, por lo que las autoridades costarricenses decidieron interponer una demanda ante la Organizaci\u00f3n Mundial del Comercio (OMC) en 2021. <\/strong>\u00abLa expectativa es que ellos entiendan por el garrote, como se dice en mi pueblo, qu\u00e9 es ir a la OMC. Los hemos demandado y estamos dispuestos a llegar a las \u00faltimas consecuencias\u00bb, dijo.<\/p>\n<p style=\"text-align: justify;\"><strong>El ministro Tovar tambi\u00e9n afirm\u00f3 que la actitud de Panam\u00e1 en este caso \u00abes una manifestaci\u00f3n sistem\u00e1tica de proteccionismo\u00bb y que \u00abcuesta entender\u00bb las razones de ese pa\u00eds para suspender las importaciones de leche fresca costarricense y a la vez importar leche en polvo de Nueva Zelanda. <\/strong>\u00abEl presidente (de Panam\u00e1, Laurentino) Cortizo fue un activista contrario a la negociaci\u00f3n del TLC (Tratado de Libre Comercio) entre Panam\u00e1 y Estados Unidos en su momento, y parece que por ah\u00ed pueden estar un poco los compromisos con su electorado\u00bb, expres\u00f3 el ministro Tovar. El caso se refiere a las restricciones que Panam\u00e1 ha impuesto a la entrada de productos agropecuarios costarricenses como los l\u00e1cteos, la fresa, la pi\u00f1a, el banano, la carne y los embutidos de bovino, cerdo y aves. <strong>En agosto de 2021, el Gobierno de Costa Rica inform\u00f3 que solicit\u00f3 a la OMC el establecimiento de un panel arbitral para dirimir las diferencias que mantiene con Panam\u00e1, tras no llegar a una soluci\u00f3n en una fase previa de di\u00e1logo.\u00a0<\/strong><\/p>\n<p>Fuente: https:\/\/www.eleconomista.net\/actualidad\/Ministro-de-Costa-Rica-anuncia-medidas-arancelarias-reciprocas-contra-Panama-20220929-0005.html<\/p>\n","protected":false},"excerpt":{"rendered":"<p>El ministro de Comercio Exterior de Costa Rica, Manuel Tovar, anunci\u00f3 que el Gobierno prepara medidas arancelarias rec\u00edprocas contra Panam\u00e1 en el marco de una disputa comercial por el bloqueo al ingreso de productos&#46;&#46;&#46;<\/p>\n","protected":false},"author":1,"featured_media":53714,"comment_status":"open","ping_status":"closed","sticky":false,"template":"","format":"standard","meta":{"footnotes":""},"categories":[54],"tags":[],"class_list":["post-54882","post","type-post","status-publish","format-standard","has-post-thumbnail","hentry","category-centroamerica-seleccion"],"_links":{"self":[{"href":"https:\/\/copades.com\/monec\/index.php?rest_route=\/wp\/v2\/posts\/54882","targetHints":{"allow":["GET"]}}],"collection":[{"href":"https:\/\/copades.com\/monec\/index.php?rest_route=\/wp\/v2\/posts"}],"about":[{"href":"https:\/\/copades.com\/monec\/index.php?rest_route=\/wp\/v2\/types\/post"}],"author":[{"embeddable":true,"href":"https:\/\/copades.com\/monec\/index.php?rest_route=\/wp\/v2\/users\/1"}],"replies":[{"embeddable":true,"href":"https:\/\/copades.com\/monec\/index.php?rest_route=%2Fwp%2Fv2%2Fcomments&post=54882"}],"version-history":[{"count":1,"href":"https:\/\/copades.com\/monec\/index.php?rest_route=\/wp\/v2\/posts\/54882\/revisions"}],"predecessor-version":[{"id":54883,"href":"https:\/\/copades.com\/monec\/index.php?rest_route=\/wp\/v2\/posts\/54882\/revisions\/54883"}],"wp:featuredmedia":[{"embeddable":true,"href":"https:\/\/copades.com\/monec\/index.php?rest_route=\/wp\/v2\/media\/53714"}],"wp:attachment":[{"href":"https:\/\/copades.com\/monec\/index.php?rest_route=%2Fwp%2Fv2%2Fmedia&parent=54882"}],"wp:term":[{"taxonomy":"category","embeddable":true,"href":"https:\/\/copades.com\/monec\/index.php?rest_route=%2Fwp%2Fv2%2Fcategories&post=54882"},{"taxonomy":"post_tag","embeddable":true,"href":"https:\/\/copades.com\/monec\/index.php?rest_route=%2Fwp%2Fv2%2Ftags&post=54882"}],"curies":[{"name":"wp","href":"https:\/\/api.w.org\/{rel}","templated":true}]}}