{"id":54884,"date":"2022-09-29T13:23:05","date_gmt":"2022-09-29T19:23:05","guid":{"rendered":"https:\/\/copades.com\/monec\/?p=54884"},"modified":"2022-09-29T13:23:05","modified_gmt":"2022-09-29T19:23:05","slug":"gobierno-de-nicaragua-expulsa-a-embajadora-de-la-union-europea","status":"publish","type":"post","link":"https:\/\/copades.com\/monec\/?p=54884","title":{"rendered":"Gobierno de Nicaragua expulsa a embajadora de la Uni\u00f3n Europea"},"content":{"rendered":"<p style=\"text-align: justify;\"><strong>El gobierno de Nicaragua expuls\u00f3 del pa\u00eds a la embajadora de la Uni\u00f3n Europea (UE), Bettina Muscheidt, d\u00edas despu\u00e9s de que el bloque de 27 naciones exigiera al presidente Daniel Ortega la liberaci\u00f3n de m\u00e1s de 200 opositores presos, dijo el mi\u00e9rcoles un funcionario diplom\u00e1tico.\u00a0<\/strong>Muscheidt fue citada a las oficinas del Ministerio de Relaciones Exteriores en Managua, donde el canciller Denis Moncada en persona \u201cle confirm\u00f3 su expulsi\u00f3n\u201d del pa\u00eds, dijo a The Associated Press el funcionario diplom\u00e1tico europeo que pidi\u00f3 no ser nombrado. Medios de prensa independientes en Nicaragua se\u00f1alaron que la orden de expulsi\u00f3n le fue notificada a Munschiedt m\u00e1s temprano y de manera verbal por un funcionario de la Canciller\u00eda, quien supuestamente aleg\u00f3 \u201cinjerencia e irrespeto a la soberan\u00eda nacional\u201d de parte de la UE. El gobierno de Nicaragua no ha confirmado hasta ahora la expulsi\u00f3n de la embajadora de la UE, que hab\u00eda presentado sus cartas credenciales el 22 de septiembre del a\u00f1o pasado. Tampoco se sabe si ya abandon\u00f3 el pa\u00eds.\u00a0<strong>El lunes, la UE reclam\u00f3 al gobierno de Nicaragua la liberaci\u00f3n de los presos pol\u00edticos (m\u00e1s de 205, seg\u00fan la oposici\u00f3n), en una declaraci\u00f3n propuesta a debate en el Consejo de Derechos Humanos de las Naciones Unidas.\u00a0<\/strong>\u201cLa UE reitera su llamamiento urgente a las autoridades nicarag\u00fcenses para que liberen de forma inmediata e incondicional a todos los presos pol\u00edticos y anulen todos los procesos judiciales contra ellos, incluidas sus sentencias\u201d, se\u00f1al\u00f3 la declaraci\u00f3n presentada en Ginebra.<\/p>\n<p style=\"text-align: justify;\"><strong>El bloque pidi\u00f3 tambi\u00e9n a Ortega permitir el ingreso de los organismos internacionales de derechos humanos y a \u201cdevolver la soberan\u00eda de Nicaragua al pueblo nicarag\u00fcense, a sus leg\u00edtimos due\u00f1os, y a restaurar la democracia genuina\u201d.\u00a0<\/strong>La embajadora de la UE es la segunda diplom\u00e1tica europea expulsada de Nicaragua por el gobierno de Ortega este a\u00f1o. En marzo, el Vaticano report\u00f3 la expulsi\u00f3n del nuncio apost\u00f3lico Waldemar Stanislaw Sommertag, quien hab\u00eda realizado gestiones para interceder por la libertad de los reos de conciencia. Muscheidt es adem\u00e1s la segunda embajadora de la UE que abandona el pa\u00eds en medio de tensiones entre el r\u00e9gimen sandinista y el bloque europeo.<\/p>\n<p>Fuente: https:\/\/www.eleconomista.net\/actualidad\/Gobierno-de-Nicaragua-expulsa-a-embajadora-de-la-Union-Europea-20220929-0010.html<\/p>\n","protected":false},"excerpt":{"rendered":"<p>El gobierno de Nicaragua expuls\u00f3 del pa\u00eds a la embajadora de la Uni\u00f3n Europea (UE), Bettina Muscheidt, d\u00edas despu\u00e9s de que el bloque de 27 naciones exigiera al presidente Daniel Ortega la liberaci\u00f3n de&#46;&#46;&#46;<\/p>\n","protected":false},"author":1,"featured_media":50491,"comment_status":"open","ping_status":"closed","sticky":false,"template":"","format":"standard","meta":{"footnotes":""},"categories":[54],"tags":[],"class_list":["post-54884","post","type-post","status-publish","format-standard","has-post-thumbnail","hentry","category-centroamerica-seleccion"],"_links":{"self":[{"href":"https:\/\/copades.com\/monec\/index.php?rest_route=\/wp\/v2\/posts\/54884","targetHints":{"allow":["GET"]}}],"collection":[{"href":"https:\/\/copades.com\/monec\/index.php?rest_route=\/wp\/v2\/posts"}],"about":[{"href":"https:\/\/copades.com\/monec\/index.php?rest_route=\/wp\/v2\/types\/post"}],"author":[{"embeddable":true,"href":"https:\/\/copades.com\/monec\/index.php?rest_route=\/wp\/v2\/users\/1"}],"replies":[{"embeddable":true,"href":"https:\/\/copades.com\/monec\/index.php?rest_route=%2Fwp%2Fv2%2Fcomments&post=54884"}],"version-history":[{"count":1,"href":"https:\/\/copades.com\/monec\/index.php?rest_route=\/wp\/v2\/posts\/54884\/revisions"}],"predecessor-version":[{"id":54885,"href":"https:\/\/copades.com\/monec\/index.php?rest_route=\/wp\/v2\/posts\/54884\/revisions\/54885"}],"wp:featuredmedia":[{"embeddable":true,"href":"https:\/\/copades.com\/monec\/index.php?rest_route=\/wp\/v2\/media\/50491"}],"wp:attachment":[{"href":"https:\/\/copades.com\/monec\/index.php?rest_route=%2Fwp%2Fv2%2Fmedia&parent=54884"}],"wp:term":[{"taxonomy":"category","embeddable":true,"href":"https:\/\/copades.com\/monec\/index.php?rest_route=%2Fwp%2Fv2%2Fcategories&post=54884"},{"taxonomy":"post_tag","embeddable":true,"href":"https:\/\/copades.com\/monec\/index.php?rest_route=%2Fwp%2Fv2%2Ftags&post=54884"}],"curies":[{"name":"wp","href":"https:\/\/api.w.org\/{rel}","templated":true}]}}