{"id":54888,"date":"2022-09-29T13:38:20","date_gmt":"2022-09-29T19:38:20","guid":{"rendered":"https:\/\/copades.com\/monec\/?p=54888"},"modified":"2022-09-29T13:38:20","modified_gmt":"2022-09-29T19:38:20","slug":"canasta-basica-de-el-salvador-presento-leve-incremento-en-agosto","status":"publish","type":"post","link":"https:\/\/copades.com\/monec\/?p=54888","title":{"rendered":"Canasta b\u00e1sica de El Salvador present\u00f3 leve incremento en agosto"},"content":{"rendered":"<p style=\"text-align: justify;\"><strong>En agosto, la CBA rural lleg\u00f3 a los $179.47. En relaci\u00f3n con el mes anterior el incremento fue de $1.40, sin embargo, en relaci\u00f3n con 2021, la diferencia es de $31.38 m\u00e1s.\u00a0<\/strong>En cuanto a la canasta b\u00e1sica alimentaria urbana, la DIGESTYC notific\u00f3 que el incremento mensual fue de $0.24, mientras que la variaci\u00f3n interanual fue de $34.20. En agosto de 2022, lleg\u00f3 a los $238.95 y en el mismo mes de 2021, el costo fue de $204.75.\u00a0El Gobierno ejecuta diferentes medidas contra la inflaci\u00f3n desde marzo, sin embargo, los incrementos en los alimentos siguen subiendo, seg\u00fan lo publicado por las fuentes oficiales. El Banco Central de Reserva (BCR) revel\u00f3 que en agosto, los precios al consumidor en El Salvador ascendieron al 7.66 %.<\/p>\n<p style=\"text-align: justify;\"><strong>El Salvador mantuvo los precios al consumidor m\u00e1s altos de los \u00faltimos 25 a\u00f1os en agosto. En 1997, el indicador se situ\u00f3 en 7.8 %, de acuerdo con lo se\u00f1alado por el Observatorio de Pol\u00edticas P\u00fablicas de la Universidad Francisco Gavidia (UFG), en su segundo informe Situaci\u00f3n de Pa\u00eds 2022.\u00a0<\/strong>Seg\u00fan estimaciones de la Asociaci\u00f3n Nacional de la Empresa Privada (ANEP), aunque hay se\u00f1ales internacionales que podr\u00edan indicar que en los pr\u00f3ximos meses ceder\u00e1 la inflaci\u00f3n como la baja en el precio del petr\u00f3leo, del ma\u00edz y el trigo, la inflaci\u00f3n continuar\u00e1 afectando a las familias y a las empresas del mundo, entre estas las de El Salvador, el cual podr\u00eda cerrar el 2022 con una inflaci\u00f3n del 8 %.\u00a0Waldo Jim\u00e9nez, gerente de asuntos econ\u00f3micos de la ANEP, dijo durante la presentaci\u00f3n de un informe en d\u00edas recientes que la expectativa de la gremial es que la inflaci\u00f3n empiece a ceder a finales de este a\u00f1o, \u00abpero eso no significa que los precios van a regresar en 2023 a los niveles que ten\u00edamos en el 2019\u00bb.\u00a0<strong>\u00abHemos pasado un periodo largo de 11 a\u00f1os de bajas tasas de inflaci\u00f3n donde apenas fue del 10 % , pero en los \u00faltimos 20 meses tenemos una inflaci\u00f3n acumulada de casi 14 %, ese es el impacto que siente la poblaci\u00f3n\u2026 La situaci\u00f3n mundial no se habr\u00e1 solucionado para 2023 y vamos a continuar con precios altos, pero no tan altos como los que tenemos hoy\u00bb, expuso hace unas semanas.<\/strong><\/p>\n<p>Fuente: https:\/\/www.eleconomista.net\/economia\/Canasta-basica-de-El-Salvador-presento-leve-incremento-en-agosto-20220929-0001.html<\/p>\n","protected":false},"excerpt":{"rendered":"<p>En agosto, la CBA rural lleg\u00f3 a los $179.47. En relaci\u00f3n con el mes anterior el incremento fue de $1.40, sin embargo, en relaci\u00f3n con 2021, la diferencia es de $31.38 m\u00e1s.\u00a0En cuanto a&#46;&#46;&#46;<\/p>\n","protected":false},"author":1,"featured_media":53972,"comment_status":"open","ping_status":"closed","sticky":false,"template":"","format":"standard","meta":{"footnotes":""},"categories":[54],"tags":[],"class_list":["post-54888","post","type-post","status-publish","format-standard","has-post-thumbnail","hentry","category-centroamerica-seleccion"],"_links":{"self":[{"href":"https:\/\/copades.com\/monec\/index.php?rest_route=\/wp\/v2\/posts\/54888","targetHints":{"allow":["GET"]}}],"collection":[{"href":"https:\/\/copades.com\/monec\/index.php?rest_route=\/wp\/v2\/posts"}],"about":[{"href":"https:\/\/copades.com\/monec\/index.php?rest_route=\/wp\/v2\/types\/post"}],"author":[{"embeddable":true,"href":"https:\/\/copades.com\/monec\/index.php?rest_route=\/wp\/v2\/users\/1"}],"replies":[{"embeddable":true,"href":"https:\/\/copades.com\/monec\/index.php?rest_route=%2Fwp%2Fv2%2Fcomments&post=54888"}],"version-history":[{"count":1,"href":"https:\/\/copades.com\/monec\/index.php?rest_route=\/wp\/v2\/posts\/54888\/revisions"}],"predecessor-version":[{"id":54889,"href":"https:\/\/copades.com\/monec\/index.php?rest_route=\/wp\/v2\/posts\/54888\/revisions\/54889"}],"wp:featuredmedia":[{"embeddable":true,"href":"https:\/\/copades.com\/monec\/index.php?rest_route=\/wp\/v2\/media\/53972"}],"wp:attachment":[{"href":"https:\/\/copades.com\/monec\/index.php?rest_route=%2Fwp%2Fv2%2Fmedia&parent=54888"}],"wp:term":[{"taxonomy":"category","embeddable":true,"href":"https:\/\/copades.com\/monec\/index.php?rest_route=%2Fwp%2Fv2%2Fcategories&post=54888"},{"taxonomy":"post_tag","embeddable":true,"href":"https:\/\/copades.com\/monec\/index.php?rest_route=%2Fwp%2Fv2%2Ftags&post=54888"}],"curies":[{"name":"wp","href":"https:\/\/api.w.org\/{rel}","templated":true}]}}