{"id":54894,"date":"2022-09-29T17:31:24","date_gmt":"2022-09-29T23:31:24","guid":{"rendered":"https:\/\/copades.com\/monec\/?p=54894"},"modified":"2022-10-03T17:32:43","modified_gmt":"2022-10-03T23:32:43","slug":"productores-sufren-perdidas-por-mal-tiempo","status":"publish","type":"post","link":"https:\/\/copades.com\/monec\/?p=54894","title":{"rendered":"Productores sufren p\u00e9rdidas por mal tiempo"},"content":{"rendered":"<p style=\"text-align: justify;\">Productores de ma\u00edz comercial reportan p\u00e9rdidas preliminares que suman alrededor de Q17.5 millones por los da\u00f1os a casi 1 mil manzanas, causados por las lluvias y el desbordamiento de r\u00edos en las zonas de la ribera del r\u00edo Chixoy y Xalbal, en Ixc\u00e1n, Quich\u00e9, y en la Costa Sur, principalmente en Retalhuleu y Suchitep\u00e9quez. <strong>Gustavo Rivas<\/strong>, presidente de la Asociaci\u00f3n Nacional de Granos B\u00e1sicos (Anagrab) inform\u00f3 que en Ixc\u00e1n se han contabilizado preliminarmente p\u00e9rdidas de unas 300 manzanas de ma\u00edz comercial que estaban pr\u00f3ximos a entrar en la fase de cosecha. En el lado de la Costa Sur, varios municipios de Retalhuleu por donde pasa el r\u00edo Samal\u00e1, registran la p\u00e9rdida de al menos 300 manzanas m\u00e1s, mientras que en la regi\u00f3n de Suchitep\u00e9quez, las lluvias y desbordamientos de r\u00edos causaron la p\u00e9rdida de otras 200 manzanas de cultivo. \u201cEstos son datos preliminares que a\u00fan no contemplan los da\u00f1os registrados en otras zonas maiceras como Pet\u00e9n y el oriente. Estar\u00edamos hablando de la p\u00e9rdida de unos 90 mil quintales de ma\u00edz, que podr\u00edan valorarse en unos Q17 millones 550\u201d, indic\u00f3 Rivas. El Centro de Informaci\u00f3n Estrat\u00e9gica Agropecuaria (CIEA), del Ministerio de Agricultura Ganader\u00eda y Alimentaci\u00f3n (MAGA), brind\u00f3 a <em>Prensa Libre<\/em> un informe preliminar del \u00e1rea de cultivos afectados por el exceso de lluvias. De acuerdo con el reporte, del 1 de mayo al 27 de septiembre se contabilizan 19 mil 71.33 hect\u00e1reas (unas 27 mil 28.46 manzanas) de superficie de cultivos con alg\u00fan grado de afectaci\u00f3n, a nivel nacional. Aunque el CIEA reporta cultivos afectados en los 21 departamentos, los seis municipios con m\u00e1s incidencia son Alta Verapaz, con unas 8 mil 172 manzanas; Izabal, con 4 447; Santa Rosa, con 3 mil 194; Chiquimula, con 2 mil 317; Zacapa, con 1 mil 577, y Retalhuleu, con 1 mil 234 manzanas. (Prensa Libre 29.09.22)<\/p>\n","protected":false},"excerpt":{"rendered":"<p>Productores de ma\u00edz comercial reportan p\u00e9rdidas preliminares que suman alrededor de Q17.5 millones por los da\u00f1os a casi 1 mil manzanas, causados por las lluvias y el desbordamiento de r\u00edos en las zonas de&#46;&#46;&#46;<\/p>\n","protected":false},"author":1,"featured_media":51958,"comment_status":"open","ping_status":"closed","sticky":false,"template":"","format":"standard","meta":{"footnotes":""},"categories":[5,10],"tags":[5731,7645,289],"class_list":["post-54894","post","type-post","status-publish","format-standard","has-post-thumbnail","hentry","category-actividad-productiva","category-agricultura","tag-anagrab","tag-ciea","tag-maga"],"_links":{"self":[{"href":"https:\/\/copades.com\/monec\/index.php?rest_route=\/wp\/v2\/posts\/54894","targetHints":{"allow":["GET"]}}],"collection":[{"href":"https:\/\/copades.com\/monec\/index.php?rest_route=\/wp\/v2\/posts"}],"about":[{"href":"https:\/\/copades.com\/monec\/index.php?rest_route=\/wp\/v2\/types\/post"}],"author":[{"embeddable":true,"href":"https:\/\/copades.com\/monec\/index.php?rest_route=\/wp\/v2\/users\/1"}],"replies":[{"embeddable":true,"href":"https:\/\/copades.com\/monec\/index.php?rest_route=%2Fwp%2Fv2%2Fcomments&post=54894"}],"version-history":[{"count":1,"href":"https:\/\/copades.com\/monec\/index.php?rest_route=\/wp\/v2\/posts\/54894\/revisions"}],"predecessor-version":[{"id":54895,"href":"https:\/\/copades.com\/monec\/index.php?rest_route=\/wp\/v2\/posts\/54894\/revisions\/54895"}],"wp:featuredmedia":[{"embeddable":true,"href":"https:\/\/copades.com\/monec\/index.php?rest_route=\/wp\/v2\/media\/51958"}],"wp:attachment":[{"href":"https:\/\/copades.com\/monec\/index.php?rest_route=%2Fwp%2Fv2%2Fmedia&parent=54894"}],"wp:term":[{"taxonomy":"category","embeddable":true,"href":"https:\/\/copades.com\/monec\/index.php?rest_route=%2Fwp%2Fv2%2Fcategories&post=54894"},{"taxonomy":"post_tag","embeddable":true,"href":"https:\/\/copades.com\/monec\/index.php?rest_route=%2Fwp%2Fv2%2Ftags&post=54894"}],"curies":[{"name":"wp","href":"https:\/\/api.w.org\/{rel}","templated":true}]}}