{"id":54902,"date":"2022-09-29T17:41:48","date_gmt":"2022-09-29T23:41:48","guid":{"rendered":"https:\/\/copades.com\/monec\/?p=54902"},"modified":"2022-10-03T17:46:10","modified_gmt":"2022-10-03T23:46:10","slug":"rusia-abre-investigacion-por-sabotaje-de-gasoducto","status":"publish","type":"post","link":"https:\/\/copades.com\/monec\/?p=54902","title":{"rendered":"Rusia abre investigaci\u00f3n por sabotaje de gasoducto"},"content":{"rendered":"<p style=\"text-align: justify;\"><span style=\"text-align: justify;\">Objeto de sospechas tras el aparente sabotaje a los gasoductos <\/span><em style=\"text-align: justify;\">Nord Stream<\/em><span style=\"text-align: justify;\"> en el mar B\u00e1ltico, Rusia contraatac\u00f3 ayer abriendo una investigaci\u00f3n por \u201cterrorismo internacional\u201d y se\u00f1al\u00f3 impl\u00edcitamente a EE. UU., que por su parte respondi\u00f3 denunciando una operaci\u00f3n de \u201cdesinformaci\u00f3n\u201d. \u201cA partir de los elementos enviados por la Fiscal\u00eda General rusa [&#8230;], el \u00f3rgano de investigaci\u00f3n de los FSB [los servicios de seguridad rusos] abri\u00f3 un caso criminal. Una investigaci\u00f3n preliminar ha comenzado\u201d, declar\u00f3 la Fiscal\u00eda en un comunicado, en el que recalc\u00f3 el \u201cgrave perjuicio econ\u00f3mico\u201d sufrido por Rusia a ra\u00edz del incidente. El Consejo de Seguridad de la ONU, se reunir\u00e1 el viernes a petici\u00f3n de Rusia para discutir sobre el presunto sabotaje. Todav\u00eda hay muchas inc\u00f3gnitas en torno a esos escapes de gas pero en Suecia, cuyos servicios de inteligencia se encargan de investigar lo ocurrido, la hip\u00f3tesis de un sabotaje deliberado parece confirmarse. La Polic\u00eda de Seguridad Sueca anunci\u00f3 que encabeza una investigaci\u00f3n e indic\u00f3 que \u201cel motivo actual es sabotaje agravado\u201d. Por su parte, la diplomacia rusa acus\u00f3 impl\u00edcitamente a EE. UU., reclamando \u201crespuestas\u201d al presidente <\/span><strong style=\"text-align: justify;\">Joe Biden<\/strong><span style=\"text-align: justify;\"> sobre la eventual implicaci\u00f3n de su pa\u00eds en las fugas. La Casa Blanca replic\u00f3 que es \u201crid\u00edculo\u201d insinuar que Washington pueda estar detr\u00e1s de los supuestos sabotajes. (El Peri\u00f3dico 29.09.22)<\/span><\/p>\n","protected":false},"excerpt":{"rendered":"<p>Objeto de sospechas tras el aparente sabotaje a los gasoductos Nord Stream en el mar B\u00e1ltico, Rusia contraatac\u00f3 ayer abriendo una investigaci\u00f3n por \u201cterrorismo internacional\u201d y se\u00f1al\u00f3 impl\u00edcitamente a EE. UU., que por su&#46;&#46;&#46;<\/p>\n","protected":false},"author":1,"featured_media":54903,"comment_status":"open","ping_status":"closed","sticky":false,"template":"","format":"standard","meta":{"footnotes":""},"categories":[55],"tags":[2657,1648],"class_list":["post-54902","post","type-post","status-publish","format-standard","has-post-thumbnail","hentry","category-internacionales-seleccion","tag-gasoducto","tag-rusia"],"_links":{"self":[{"href":"https:\/\/copades.com\/monec\/index.php?rest_route=\/wp\/v2\/posts\/54902","targetHints":{"allow":["GET"]}}],"collection":[{"href":"https:\/\/copades.com\/monec\/index.php?rest_route=\/wp\/v2\/posts"}],"about":[{"href":"https:\/\/copades.com\/monec\/index.php?rest_route=\/wp\/v2\/types\/post"}],"author":[{"embeddable":true,"href":"https:\/\/copades.com\/monec\/index.php?rest_route=\/wp\/v2\/users\/1"}],"replies":[{"embeddable":true,"href":"https:\/\/copades.com\/monec\/index.php?rest_route=%2Fwp%2Fv2%2Fcomments&post=54902"}],"version-history":[{"count":1,"href":"https:\/\/copades.com\/monec\/index.php?rest_route=\/wp\/v2\/posts\/54902\/revisions"}],"predecessor-version":[{"id":54904,"href":"https:\/\/copades.com\/monec\/index.php?rest_route=\/wp\/v2\/posts\/54902\/revisions\/54904"}],"wp:featuredmedia":[{"embeddable":true,"href":"https:\/\/copades.com\/monec\/index.php?rest_route=\/wp\/v2\/media\/54903"}],"wp:attachment":[{"href":"https:\/\/copades.com\/monec\/index.php?rest_route=%2Fwp%2Fv2%2Fmedia&parent=54902"}],"wp:term":[{"taxonomy":"category","embeddable":true,"href":"https:\/\/copades.com\/monec\/index.php?rest_route=%2Fwp%2Fv2%2Fcategories&post=54902"},{"taxonomy":"post_tag","embeddable":true,"href":"https:\/\/copades.com\/monec\/index.php?rest_route=%2Fwp%2Fv2%2Ftags&post=54902"}],"curies":[{"name":"wp","href":"https:\/\/api.w.org\/{rel}","templated":true}]}}