{"id":54970,"date":"2022-10-04T14:51:21","date_gmt":"2022-10-04T20:51:21","guid":{"rendered":"https:\/\/copades.com\/monec\/?p=54970"},"modified":"2022-10-06T14:53:09","modified_gmt":"2022-10-06T20:53:09","slug":"guatemaltecos-podran-participar-en-loteria-de-visas-a-ee-uu","status":"publish","type":"post","link":"https:\/\/copades.com\/monec\/?p=54970","title":{"rendered":"Guatemaltecos podr\u00e1n participar en loter\u00eda de visas a EE. UU."},"content":{"rendered":"<p style=\"text-align: justify;\">La Embajada de Estados Unidos en Guatemala inform\u00f3 que los guatemaltecos tendr\u00e1n la oportunidad de participar en el Programa de Visas de Diversidad para el a\u00f1o 2024. El objetivo de la \u201cloter\u00eda\u201d es diversificar la poblaci\u00f3n inmigrante en ese pa\u00eds al seleccionar a solicitantes de naciones con bajos porcentajes de migraci\u00f3n en los cinco a\u00f1os previos. La Ley de Migraci\u00f3n de 1990 estableci\u00f3 el Programa de Visas de Diversidad, mediante el cual se dispone de 55,000 visas de inmigrante en una loter\u00eda anual, proyecto que empez\u00f3 en el a\u00f1o fiscal 1995. Seg\u00fan la sede diplom\u00e1tica, el per\u00edodo de inscripci\u00f3n para el Programa de Visas de Diversidad 2024 abrir\u00e1 a las 12:00 horas, hora de verano del este (EDT), el mi\u00e9rcoles 5 de octubre de 2022 y cerrar\u00e1 a las 12:00 p.m., hora est\u00e1ndar del este (EST), del martes 8 de noviembre de 2022. (La Hora 04.10.22)<\/p>\n","protected":false},"excerpt":{"rendered":"<p>La Embajada de Estados Unidos en Guatemala inform\u00f3 que los guatemaltecos tendr\u00e1n la oportunidad de participar en el Programa de Visas de Diversidad para el a\u00f1o 2024. El objetivo de la \u201cloter\u00eda\u201d es diversificar&#46;&#46;&#46;<\/p>\n","protected":false},"author":1,"featured_media":51489,"comment_status":"open","ping_status":"closed","sticky":false,"template":"","format":"standard","meta":{"footnotes":""},"categories":[49],"tags":[109,7919],"class_list":["post-54970","post","type-post","status-publish","format-standard","has-post-thumbnail","hentry","category-poblacion-empleos-y-salarios","tag-ee-uu","tag-programa-de-visas-de-diversidad"],"_links":{"self":[{"href":"https:\/\/copades.com\/monec\/index.php?rest_route=\/wp\/v2\/posts\/54970","targetHints":{"allow":["GET"]}}],"collection":[{"href":"https:\/\/copades.com\/monec\/index.php?rest_route=\/wp\/v2\/posts"}],"about":[{"href":"https:\/\/copades.com\/monec\/index.php?rest_route=\/wp\/v2\/types\/post"}],"author":[{"embeddable":true,"href":"https:\/\/copades.com\/monec\/index.php?rest_route=\/wp\/v2\/users\/1"}],"replies":[{"embeddable":true,"href":"https:\/\/copades.com\/monec\/index.php?rest_route=%2Fwp%2Fv2%2Fcomments&post=54970"}],"version-history":[{"count":1,"href":"https:\/\/copades.com\/monec\/index.php?rest_route=\/wp\/v2\/posts\/54970\/revisions"}],"predecessor-version":[{"id":54971,"href":"https:\/\/copades.com\/monec\/index.php?rest_route=\/wp\/v2\/posts\/54970\/revisions\/54971"}],"wp:featuredmedia":[{"embeddable":true,"href":"https:\/\/copades.com\/monec\/index.php?rest_route=\/wp\/v2\/media\/51489"}],"wp:attachment":[{"href":"https:\/\/copades.com\/monec\/index.php?rest_route=%2Fwp%2Fv2%2Fmedia&parent=54970"}],"wp:term":[{"taxonomy":"category","embeddable":true,"href":"https:\/\/copades.com\/monec\/index.php?rest_route=%2Fwp%2Fv2%2Fcategories&post=54970"},{"taxonomy":"post_tag","embeddable":true,"href":"https:\/\/copades.com\/monec\/index.php?rest_route=%2Fwp%2Fv2%2Ftags&post=54970"}],"curies":[{"name":"wp","href":"https:\/\/api.w.org\/{rel}","templated":true}]}}